{"id":71815,"date":"2017-08-09T18:35:34","date_gmt":"2017-08-09T21:35:34","guid":{"rendered":"http:\/\/www.locoxelrojo.com\/independiente\/?p=71815"},"modified":"2017-08-09T21:46:19","modified_gmt":"2017-08-10T00:46:19","slug":"fecha-la-revancha-avellaneda","status":"publish","type":"post","link":"https:\/\/www.locoxelrojo.com\/independiente\/2017\/08\/09\/fecha-la-revancha-avellaneda\/","title":{"rendered":"Fecha para la revancha en Avellaneda"},"content":{"rendered":"<p><strong>Independiente ya conoce la fecha para recibir a\u00a0Atl\u00e9tico Tucum\u00e1n por la revancha de los octavos de final de la Copa Sudamericana 2017.<\/strong><\/p>\n<p>Desde la Conmebol le confirmaron al Rojo que <strong>el partido ante el\u00a0Decano en el Libertadores de Am\u00e9rica se jugar\u00e1 el martes 12 de septiembre<\/strong>, tres semanas despu\u00e9s de <a href=\"https:\/\/www.locoxelrojo.com\/independiente\/2017\/08\/03\/fecha-la-ida-tucuman\/\">la ida en Tucum\u00e1n<\/a>.<\/p>\n<p><strong>Los dos encuentros\u00a0de la serie se jugar\u00edan con p\u00fablico de ambos clubes<\/strong>. El presidente de Atl\u00e9tico Tucum\u00e1n ya avis\u00f3 que <a href=\"https:\/\/www.locoxelrojo.com\/independiente\/2017\/08\/07\/leito-tenemos-la-obligacion-garantizarle-entradas-independiente\/\">los hinchas del Rojo podr\u00e1n ir al Monumental Jos\u00e9 Fierro<\/a>.<\/p>\n","protected":false},"excerpt":{"rendered":"<p>Independiente ya conoce la fecha para recibir a\u00a0Atl\u00e9tico Tucum\u00e1n por la revancha de los octavos de final de la Copa Sudamericana 2017. Desde la Conmebol le confirmaron al Rojo que el partido ante el\u00a0Decano en el Libertadores de Am\u00e9rica se jugar\u00e1 el martes 12 de septiembre, tres semanas despu\u00e9s de la ida en Tucum\u00e1n. Los [&hellip;]<\/p>\n","protected":false},"author":8,"featured_media":67600,"comment_status":"open","ping_status":"closed","sticky":false,"template":"","format":"standard","meta":{"_links_to":"","_links_to_target":""},"categories":[7,3247],"tags":[297,153,3388,3347],"_links":{"self":[{"href":"https:\/\/www.locoxelrojo.com\/independiente\/wp-json\/wp\/v2\/posts\/71815"}],"collection":[{"href":"https:\/\/www.locoxelrojo.com\/independiente\/wp-json\/wp\/v2\/posts"}],"about":[{"href":"https:\/\/www.locoxelrojo.com\/independiente\/wp-json\/wp\/v2\/types\/post"}],"author":[{"embeddable":true,"href":"https:\/\/www.locoxelrojo.com\/independiente\/wp-json\/wp\/v2\/users\/8"}],"replies":[{"embeddable":true,"href":"https:\/\/www.locoxelrojo.com\/independiente\/wp-json\/wp\/v2\/comments?post=71815"}],"version-history":[{"count":0,"href":"https:\/\/www.locoxelrojo.com\/independiente\/wp-json\/wp\/v2\/posts\/71815\/revisions"}],"wp:featuredmedia":[{"embeddable":true,"href":"https:\/\/www.locoxelrojo.com\/independiente\/wp-json\/wp\/v2\/media\/67600"}],"wp:attachment":[{"href":"https:\/\/www.locoxelrojo.com\/independiente\/wp-json\/wp\/v2\/media?parent=71815"}],"wp:term":[{"taxonomy":"category","embeddable":true,"href":"https:\/\/www.locoxelrojo.com\/independiente\/wp-json\/wp\/v2\/categories?post=71815"},{"taxonomy":"post_tag","embeddable":true,"href":"https:\/\/www.locoxelrojo.com\/independiente\/wp-json\/wp\/v2\/tags?post=71815"}],"curies":[{"name":"wp","href":"https:\/\/api.w.org\/{rel}","templated":true}]}}