{"id":71819,"date":"2017-08-10T09:56:55","date_gmt":"2017-08-10T12:56:55","guid":{"rendered":"http:\/\/www.locoxelrojo.com\/independiente\/?p=71819"},"modified":"2017-08-10T11:57:22","modified_gmt":"2017-08-10T14:57:22","slug":"fernandez-objetivo-pelear-clasificarnos-la-proxima-copa-libertadores","status":"publish","type":"post","link":"https:\/\/www.locoxelrojo.com\/independiente\/2017\/08\/10\/fernandez-objetivo-pelear-clasificarnos-la-proxima-copa-libertadores\/","title":{"rendered":"Fern\u00e1ndez: &#8220;El objetivo es pelear todo y clasificarnos a la pr\u00f3xima Copa Libertadores&#8221;"},"content":{"rendered":"<p><strong>Leandro Fern\u00e1ndez habl\u00f3 sobre el objetivo del plantel en este semestre.<\/strong><\/p>\n<p>El delantero de Independiente est\u00e1 sumando sus primeros minutos tras haber dejado atr\u00e1s la dura lesi\u00f3n. <strong>&#8220;F\u00edsicamente me siento muy bien, trato de dejar la lesi\u00f3n en el pasado y enfocarme en lo que viene&#8221;<\/strong>, expres\u00f3 en di\u00e1logo con Estamos Motivados.<\/p>\n<p>En los \u00faltimos partidos le toc\u00f3 ser el reemplazante de Emmanuel Gigliotti, si bien es una posici\u00f3n que conoce, explic\u00f3: <strong>&#8220;Me siento c\u00f3modo donde el entrenador me pone, quiz\u00e1s no puedo desordenarme tanto como lo hac\u00eda en Godoy Cruz&#8221;<\/strong>.<\/p>\n<p>Para finalizar, plante\u00f3 los objetivos grupales de ac\u00e1 a diciembre. <strong>&#8220;El objetivo es pelear todo y poder clasificarnos a la pr\u00f3xima Copa Libertadores. Demostramos que podemos y este a\u00f1o vamos a dar que hablar. Tenemos muy buenos jugadores y m\u00e1s en ofensiva. Los que llegaron se adaptaron r\u00e1pido a la idea y a nuestro estilo\u201d<\/strong>, cerr\u00f3.<\/p>\n","protected":false},"excerpt":{"rendered":"<p>Leandro Fern\u00e1ndez habl\u00f3 sobre el objetivo del plantel en este semestre. El delantero de Independiente est\u00e1 sumando sus primeros minutos tras haber dejado atr\u00e1s la dura lesi\u00f3n. &#8220;F\u00edsicamente me siento muy bien, trato de dejar la lesi\u00f3n en el pasado y enfocarme en lo que viene&#8221;, expres\u00f3 en di\u00e1logo con Estamos Motivados. En los \u00faltimos [&hellip;]<\/p>\n","protected":false},"author":1,"featured_media":71820,"comment_status":"open","ping_status":"closed","sticky":false,"template":"","format":"standard","meta":{"_links_to":"","_links_to_target":""},"categories":[3247,3],"tags":[2921],"_links":{"self":[{"href":"https:\/\/www.locoxelrojo.com\/independiente\/wp-json\/wp\/v2\/posts\/71819"}],"collection":[{"href":"https:\/\/www.locoxelrojo.com\/independiente\/wp-json\/wp\/v2\/posts"}],"about":[{"href":"https:\/\/www.locoxelrojo.com\/independiente\/wp-json\/wp\/v2\/types\/post"}],"author":[{"embeddable":true,"href":"https:\/\/www.locoxelrojo.com\/independiente\/wp-json\/wp\/v2\/users\/1"}],"replies":[{"embeddable":true,"href":"https:\/\/www.locoxelrojo.com\/independiente\/wp-json\/wp\/v2\/comments?post=71819"}],"version-history":[{"count":0,"href":"https:\/\/www.locoxelrojo.com\/independiente\/wp-json\/wp\/v2\/posts\/71819\/revisions"}],"wp:featuredmedia":[{"embeddable":true,"href":"https:\/\/www.locoxelrojo.com\/independiente\/wp-json\/wp\/v2\/media\/71820"}],"wp:attachment":[{"href":"https:\/\/www.locoxelrojo.com\/independiente\/wp-json\/wp\/v2\/media?parent=71819"}],"wp:term":[{"taxonomy":"category","embeddable":true,"href":"https:\/\/www.locoxelrojo.com\/independiente\/wp-json\/wp\/v2\/categories?post=71819"},{"taxonomy":"post_tag","embeddable":true,"href":"https:\/\/www.locoxelrojo.com\/independiente\/wp-json\/wp\/v2\/tags?post=71819"}],"curies":[{"name":"wp","href":"https:\/\/api.w.org\/{rel}","templated":true}]}}