{"id":71899,"date":"2017-08-14T13:20:51","date_gmt":"2017-08-14T16:20:51","guid":{"rendered":"http:\/\/www.locoxelrojo.com\/independiente\/?p=71899"},"modified":"2017-08-14T13:20:51","modified_gmt":"2017-08-14T16:20:51","slug":"vuelta-con-una-baja-y-un-regreso","status":"publish","type":"post","link":"https:\/\/www.locoxelrojo.com\/independiente\/2017\/08\/14\/vuelta-con-una-baja-y-un-regreso\/","title":{"rendered":"Vuelta con una baja y un regreso"},"content":{"rendered":"<p>Tras los amistosos del s\u00e1bado y el domingo libre, Independiente regres\u00f3 este lunes a los entrenamientos con dos novedades: <strong><a href=\"https:\/\/www.locoxelrojo.com\/independiente\/2017\/08\/14\/amorebieta-diferenciado\/\">la lesi\u00f3n de Fernando Amorebieta<\/a> y <a href=\"https:\/\/www.locoxelrojo.com\/independiente\/2017\/08\/14\/rigoni-presente-dominico\/\">la aparici\u00f3n de Emiliano Rigoni<\/a>.<\/strong><\/p>\n<p>Esta ma\u00f1ana en el predio de Villa Dom\u00ednico, el plantel de Independiente comenz\u00f3 una nueva semana de trabajo. Ariel Holan, <a href=\"https:\/\/www.locoxelrojo.com\/independiente\/2017\/08\/13\/holan-sol-los-chicos\/\">quien en las \u00faltimas horas particip\u00f3 de un acto solidario<\/a>, se desayun\u00f3 con dos noticias importantes. La primera es el saldo negativo que dej\u00f3 <a href=\"https:\/\/www.locoxelrojo.com\/independiente\/2017\/08\/12\/amistoso-los-titulares-vencieron-a-uai-urquiza\/\">el amistoso del fin de semana ante la UAI Urquiza<\/a>. A pesar del c\u00f3modo triunfo, <strong>Amorebieta finaliz\u00f3 con un traumatismo en la tibia de la pierna derecha<\/strong>. La segunda <strong>es la vuelta de Emiliano Rigoni luego de la licencia que le otorg\u00f3 la Comisi\u00f3n Directiva. El volante a\u00fan no termin\u00f3 de definir su pase al Zenit de Rusia y, por el momento, sigue siendo jugador de Independiente.<\/strong><\/p>\n<p>Luego de una entrada en calor, el grupo se dividi\u00f3 en dos. <strong>Por un lado los defensores y mediocampistas realizaron ejercicios de salida<\/strong>.<\/p>\n<blockquote class=\"twitter-video\" data-lang=\"es\">\n<p dir=\"ltr\" lang=\"es\"><a href=\"https:\/\/twitter.com\/hashtag\/FutbolCAI?src=hash\">#FutbolCAI<\/a> &#8211; \u00a1Mir\u00e1 m\u00e1s im\u00e1genes del entrenamiento del Rojo en <a href=\"https:\/\/twitter.com\/hashtag\/VillaDominico?src=hash\">#VillaDominico<\/a>!<a href=\"https:\/\/twitter.com\/hashtag\/VamosRojo?src=hash\">#VamosRojo<\/a> <a href=\"https:\/\/t.co\/uHdERdO1AA\">pic.twitter.com\/uHdERdO1AA<\/a><\/p>\n<p>\u2014 C. A. Independiente (@Independiente) <a href=\"https:\/\/twitter.com\/Independiente\/status\/897105143732293632\">14 de agosto de 2017<\/a><\/p><\/blockquote>\n<p><script async src=\"\/\/platform.twitter.com\/widgets.js\" charset=\"utf-8\"><\/script><\/p>\n<p><strong>Mientras que los volantes ofensivos y los delanteros, hicieron hincapi\u00e9 en la presi\u00f3n alta y definici\u00f3n.<\/strong><\/p>\n<blockquote class=\"twitter-video\" data-lang=\"es\">\n<p dir=\"ltr\" lang=\"es\"><a href=\"https:\/\/twitter.com\/hashtag\/FutbolCAI?src=hash\">#FutbolCAI<\/a> &#8211; Por el otro lado, mediocampistas y delanteros trabajos de presi\u00f3n y resoluci\u00f3n en ataque. <a href=\"https:\/\/t.co\/dKpDofutfT\">pic.twitter.com\/dKpDofutfT<\/a><\/p>\n<p>\u2014 C. A. Independiente (@Independiente) <a href=\"https:\/\/twitter.com\/Independiente\/status\/897097309842006016\">14 de agosto de 2017<\/a><\/p><\/blockquote>\n<p><script async src=\"\/\/platform.twitter.com\/widgets.js\" charset=\"utf-8\"><\/script><\/p>\n<p><strong>Juan S\u00e1nchez Mi\u00f1o y Emmanuel Gigliotti trabajaron a la par del grupo<\/strong>. Por su parte, <strong>Ezequiel Barco y Mart\u00edn Ben\u00edtez tambi\u00e9n se movieron diferenciado nivelando el aspecto f\u00edsico tras recuperarse de sus respectivas lesiones<\/strong>.<\/p>\n","protected":false},"excerpt":{"rendered":"<p>Tras los amistosos del s\u00e1bado y el domingo libre, Independiente regres\u00f3 este lunes a los entrenamientos con dos novedades: la lesi\u00f3n de Fernando Amorebieta y la aparici\u00f3n de Emiliano Rigoni. Esta ma\u00f1ana en el predio de Villa Dom\u00ednico, el plantel de Independiente comenz\u00f3 una nueva semana de trabajo. Ariel Holan, quien en las \u00faltimas horas [&hellip;]<\/p>\n","protected":false},"author":1,"featured_media":71900,"comment_status":"open","ping_status":"closed","sticky":false,"template":"","format":"standard","meta":{"_links_to":"","_links_to_target":""},"categories":[3247,3],"tags":[2998,2835,26,3517,172],"_links":{"self":[{"href":"https:\/\/www.locoxelrojo.com\/independiente\/wp-json\/wp\/v2\/posts\/71899"}],"collection":[{"href":"https:\/\/www.locoxelrojo.com\/independiente\/wp-json\/wp\/v2\/posts"}],"about":[{"href":"https:\/\/www.locoxelrojo.com\/independiente\/wp-json\/wp\/v2\/types\/post"}],"author":[{"embeddable":true,"href":"https:\/\/www.locoxelrojo.com\/independiente\/wp-json\/wp\/v2\/users\/1"}],"replies":[{"embeddable":true,"href":"https:\/\/www.locoxelrojo.com\/independiente\/wp-json\/wp\/v2\/comments?post=71899"}],"version-history":[{"count":0,"href":"https:\/\/www.locoxelrojo.com\/independiente\/wp-json\/wp\/v2\/posts\/71899\/revisions"}],"wp:featuredmedia":[{"embeddable":true,"href":"https:\/\/www.locoxelrojo.com\/independiente\/wp-json\/wp\/v2\/media\/71900"}],"wp:attachment":[{"href":"https:\/\/www.locoxelrojo.com\/independiente\/wp-json\/wp\/v2\/media?parent=71899"}],"wp:term":[{"taxonomy":"category","embeddable":true,"href":"https:\/\/www.locoxelrojo.com\/independiente\/wp-json\/wp\/v2\/categories?post=71899"},{"taxonomy":"post_tag","embeddable":true,"href":"https:\/\/www.locoxelrojo.com\/independiente\/wp-json\/wp\/v2\/tags?post=71899"}],"curies":[{"name":"wp","href":"https:\/\/api.w.org\/{rel}","templated":true}]}}