{"id":72389,"date":"2017-08-31T09:01:07","date_gmt":"2017-08-31T12:01:07","guid":{"rendered":"http:\/\/www.locoxelrojo.com\/independiente\/?p=72389"},"modified":"2017-09-04T16:06:19","modified_gmt":"2017-09-04T19:06:19","slug":"alvarez-fue-cedido-atlanta","status":"publish","type":"post","link":"https:\/\/www.locoxelrojo.com\/independiente\/2017\/08\/31\/alvarez-fue-cedido-atlanta\/","title":{"rendered":"\u00c1lvarez fue cedido a Atlanta"},"content":{"rendered":"<p>Sobre el cierre del libro de pases se concret\u00f3 una nueva baja para el plantel que dirige Ariel Holan. Se trata de<strong> Leonel \u00c1lvarez, quien continuar\u00e1 su carrera en Atlanta por un a\u00f1o<\/strong>.<\/p>\n<p>Con las llegadas de Jon\u00e1s Guti\u00e9rrez y Nicol\u00e1s Domingo, sumado a la presencia de Diego Rodr\u00edguez Berrini y Nery Dom\u00ednguez en el Rojo, el volante de 22 a\u00f1os\u00a0opt\u00f3 por un cambio de aire.<strong> Pas\u00f3\u00a0al Bohemio a pr\u00e9stamo hasta junio de 2018, sin cargo, sin opci\u00f3n y con el objetivo de sumar minutos en el conjunto de la B Metropolitana<\/strong>.<\/p>\n<p>\u00c1lvarez debut\u00f3 en el Torneo de Verano de este a\u00f1o ante Atl\u00e9tico Tucum\u00e1n (0-0) y luego <strong>jug\u00f3\u00a0dos partidos oficiales: ante Camioneros por Copa Argentina (0-0) y el partido de ida contra Deportes Iquique (4-2)<\/strong>.<\/p>\n<p><strong>El jugador surgido de las inferiores del Rojo se despidi\u00f3 del mundo Independiente a trav\u00e9s de su cuenta de Instagram<\/strong>, donde comparti\u00f3 una foto de la previa del partido que jug\u00f3 por Copa Sudamericana y debajo escribi\u00f3:\u00a0<strong>&#8220;Esta historia continuar\u00e1&#8230;&#8221;<\/strong>.<\/p>\n<p><a href=\"https:\/\/www.locoxelrojo.com\/independiente\/wp-content\/uploads\/2017\/08\/leonel-alvarez-despedida.png\"><img loading=\"lazy\" class=\"alignnone size-full wp-image-72390\" src=\"https:\/\/www.locoxelrojo.com\/independiente\/wp-content\/uploads\/2017\/08\/leonel-alvarez-despedida.png\" alt=\"leonel-alvarez-despedida\" width=\"1161\" height=\"747\" srcset=\"https:\/\/locoxelrojo.com\/independiente\/wp-content\/uploads\/2017\/08\/leonel-alvarez-despedida.png 1161w, https:\/\/locoxelrojo.com\/independiente\/wp-content\/uploads\/2017\/08\/leonel-alvarez-despedida-300x193.png 300w, https:\/\/locoxelrojo.com\/independiente\/wp-content\/uploads\/2017\/08\/leonel-alvarez-despedida-768x494.png 768w, https:\/\/locoxelrojo.com\/independiente\/wp-content\/uploads\/2017\/08\/leonel-alvarez-despedida-1024x659.png 1024w, https:\/\/locoxelrojo.com\/independiente\/wp-content\/uploads\/2017\/08\/leonel-alvarez-despedida-696x448.png 696w, https:\/\/locoxelrojo.com\/independiente\/wp-content\/uploads\/2017\/08\/leonel-alvarez-despedida-1068x687.png 1068w, https:\/\/locoxelrojo.com\/independiente\/wp-content\/uploads\/2017\/08\/leonel-alvarez-despedida-653x420.png 653w, https:\/\/locoxelrojo.com\/independiente\/wp-content\/uploads\/2017\/08\/leonel-alvarez-despedida-128x82.png 128w, https:\/\/locoxelrojo.com\/independiente\/wp-content\/uploads\/2017\/08\/leonel-alvarez-despedida-32x21.png 32w\" sizes=\"(max-width: 1161px) 100vw, 1161px\" \/><\/a><\/p>\n","protected":false},"excerpt":{"rendered":"<p>Sobre el cierre del libro de pases se concret\u00f3 una nueva baja para el plantel que dirige Ariel Holan. Se trata de Leonel \u00c1lvarez, quien continuar\u00e1 su carrera en Atlanta por un a\u00f1o. Con las llegadas de Jon\u00e1s Guti\u00e9rrez y Nicol\u00e1s Domingo, sumado a la presencia de Diego Rodr\u00edguez Berrini y Nery Dom\u00ednguez en el [&hellip;]<\/p>\n","protected":false},"author":19,"featured_media":72461,"comment_status":"open","ping_status":"closed","sticky":false,"template":"","format":"standard","meta":{"_links_to":"","_links_to_target":""},"categories":[3280,3247],"tags":[3628,2286],"_links":{"self":[{"href":"https:\/\/www.locoxelrojo.com\/independiente\/wp-json\/wp\/v2\/posts\/72389"}],"collection":[{"href":"https:\/\/www.locoxelrojo.com\/independiente\/wp-json\/wp\/v2\/posts"}],"about":[{"href":"https:\/\/www.locoxelrojo.com\/independiente\/wp-json\/wp\/v2\/types\/post"}],"author":[{"embeddable":true,"href":"https:\/\/www.locoxelrojo.com\/independiente\/wp-json\/wp\/v2\/users\/19"}],"replies":[{"embeddable":true,"href":"https:\/\/www.locoxelrojo.com\/independiente\/wp-json\/wp\/v2\/comments?post=72389"}],"version-history":[{"count":0,"href":"https:\/\/www.locoxelrojo.com\/independiente\/wp-json\/wp\/v2\/posts\/72389\/revisions"}],"wp:featuredmedia":[{"embeddable":true,"href":"https:\/\/www.locoxelrojo.com\/independiente\/wp-json\/wp\/v2\/media\/72461"}],"wp:attachment":[{"href":"https:\/\/www.locoxelrojo.com\/independiente\/wp-json\/wp\/v2\/media?parent=72389"}],"wp:term":[{"taxonomy":"category","embeddable":true,"href":"https:\/\/www.locoxelrojo.com\/independiente\/wp-json\/wp\/v2\/categories?post=72389"},{"taxonomy":"post_tag","embeddable":true,"href":"https:\/\/www.locoxelrojo.com\/independiente\/wp-json\/wp\/v2\/tags?post=72389"}],"curies":[{"name":"wp","href":"https:\/\/api.w.org\/{rel}","templated":true}]}}