{"id":72402,"date":"2017-08-31T12:27:14","date_gmt":"2017-08-31T15:27:14","guid":{"rendered":"http:\/\/www.locoxelrojo.com\/independiente\/?p=72402"},"modified":"2017-08-31T16:06:52","modified_gmt":"2017-08-31T19:06:52","slug":"pelota-parada-tres-lesionados","status":"publish","type":"post","link":"https:\/\/www.locoxelrojo.com\/independiente\/2017\/08\/31\/pelota-parada-tres-lesionados\/","title":{"rendered":"Pelota parada con tres lesionados"},"content":{"rendered":"<p>Los dirigidos por Ariel Holan volvieron a entrenarse esta ma\u00f1ana en el predio de Villa Dom\u00ednico con la novedad saliente de que <strong>tres futbolistas trabajaron de manera diferenciada: Alan Franco, Fernando Amorebieta y Walter Erviti<\/strong>.<\/p>\n<p>El\u00a0entrenador diagram\u00f3 la pr\u00e1ctica de\u00a0este jueves con\u00a0la mira puesta en el amistoso de ma\u00f1ana ante San Lorenzo en el Estadio Libertadores de Am\u00e9rica. <strong>El plantel realiz\u00f3 trabajos t\u00e1cticos y de pelota parada<\/strong>.<\/p>\n<blockquote class=\"twitter-video\" data-lang=\"es\">\n<p dir=\"ltr\" lang=\"es\"><a href=\"https:\/\/twitter.com\/hashtag\/Independiente?src=hash\">#Independiente<\/a> entrena en Villa Dom\u00ednico.<br \/>\nErviti, Amorebieta y Franco realizan trabajos diferenciados <a href=\"https:\/\/t.co\/Hm2IuFBwXQ\">pic.twitter.com\/Hm2IuFBwXQ<\/a><\/p>\n<p>\u2014 C. A. Independiente (@Independiente) <a href=\"https:\/\/twitter.com\/Independiente\/status\/903269209110700032\">31 de agosto de 2017<\/a><\/p><\/blockquote>\n<p><script async src=\"\/\/platform.twitter.com\/widgets.js\" charset=\"utf-8\"><\/script><\/p>\n<p>Adem\u00e1s de las ausencias de los jugadores afectados a las selecciones, hubo tres que no trabajaron con normalidad: <strong>Franco -sobrecarga en su gemelo izquierdo-, Amorebieta -traumatismo en su tobillo derecho- y Erviti -esguince de tobillo-<\/strong>.<\/p>\n","protected":false},"excerpt":{"rendered":"<p>Los dirigidos por Ariel Holan volvieron a entrenarse esta ma\u00f1ana en el predio de Villa Dom\u00ednico con la novedad saliente de que tres futbolistas trabajaron de manera diferenciada: Alan Franco, Fernando Amorebieta y Walter Erviti. El\u00a0entrenador diagram\u00f3 la pr\u00e1ctica de\u00a0este jueves con\u00a0la mira puesta en el amistoso de ma\u00f1ana ante San Lorenzo en el Estadio [&hellip;]<\/p>\n","protected":false},"author":19,"featured_media":72403,"comment_status":"open","ping_status":"closed","sticky":false,"template":"","format":"standard","meta":{"_links_to":"","_links_to_target":""},"categories":[3247,3],"tags":[3231,26,3517,1683,2041],"_links":{"self":[{"href":"https:\/\/www.locoxelrojo.com\/independiente\/wp-json\/wp\/v2\/posts\/72402"}],"collection":[{"href":"https:\/\/www.locoxelrojo.com\/independiente\/wp-json\/wp\/v2\/posts"}],"about":[{"href":"https:\/\/www.locoxelrojo.com\/independiente\/wp-json\/wp\/v2\/types\/post"}],"author":[{"embeddable":true,"href":"https:\/\/www.locoxelrojo.com\/independiente\/wp-json\/wp\/v2\/users\/19"}],"replies":[{"embeddable":true,"href":"https:\/\/www.locoxelrojo.com\/independiente\/wp-json\/wp\/v2\/comments?post=72402"}],"version-history":[{"count":0,"href":"https:\/\/www.locoxelrojo.com\/independiente\/wp-json\/wp\/v2\/posts\/72402\/revisions"}],"wp:featuredmedia":[{"embeddable":true,"href":"https:\/\/www.locoxelrojo.com\/independiente\/wp-json\/wp\/v2\/media\/72403"}],"wp:attachment":[{"href":"https:\/\/www.locoxelrojo.com\/independiente\/wp-json\/wp\/v2\/media?parent=72402"}],"wp:term":[{"taxonomy":"category","embeddable":true,"href":"https:\/\/www.locoxelrojo.com\/independiente\/wp-json\/wp\/v2\/categories?post=72402"},{"taxonomy":"post_tag","embeddable":true,"href":"https:\/\/www.locoxelrojo.com\/independiente\/wp-json\/wp\/v2\/tags?post=72402"}],"curies":[{"name":"wp","href":"https:\/\/api.w.org\/{rel}","templated":true}]}}