{"id":72410,"date":"2017-08-31T14:17:43","date_gmt":"2017-08-31T17:17:43","guid":{"rendered":"http:\/\/www.locoxelrojo.com\/independiente\/?p=72410"},"modified":"2017-08-31T14:17:43","modified_gmt":"2017-08-31T17:17:43","slug":"erviti-salimos-una-situacion-bastante-complicada","status":"publish","type":"post","link":"https:\/\/www.locoxelrojo.com\/independiente\/2017\/08\/31\/erviti-salimos-una-situacion-bastante-complicada\/","title":{"rendered":"Erviti: &#8220;Salimos de una situaci\u00f3n bastante complicada&#8221;"},"content":{"rendered":"<p><a href=\"https:\/\/www.locoxelrojo.com\/independiente\/2017\/08\/31\/pelota-parada-tres-lesionados\/\">Luego del entrenamiento matutino<\/a>, <strong>Walter Erviti<\/strong>\u00a0se refiri\u00f3 al momento que atraviesa Independiente. Reconoci\u00f3 que cuando lleg\u00f3, el Rojo estaba en una situaci\u00f3n cr\u00edtica pero desde el arribo\u00a0de Ariel Holan el panorama cambi\u00f3.<\/p>\n<p><strong>&#8220;Me toc\u00f3 llegar con un Independiente en una situaci\u00f3n complicada y hoy estamos viviendo un presente del cual disfrutamos&#8221;<\/strong>, se\u00f1al\u00f3 en conferencia de prensa. Y luego a\u00f1adi\u00f3: <strong>&#8220;En el semestre anterior,\u00a0salimos de un momento del cual tampoco era tan complicado salir porque est\u00e1bamos bastante abajo. Ahora estamos en un lugar m\u00e1s alto y hay que mantenerlo y superarlo&#8221;<\/strong>.<\/p>\n<p>Para lograr\u00a0eso, el experimentado mediocampista manifest\u00f3 que mantener al plantel es clave pese a la partida de Emiliano Rigoni. <strong>&#8220;Su salida ha sido una gran p\u00e9rdida, se ha ido un gran jugador.\u00a0Independiente ten\u00eda grandes jugadores desde el semestre pasado y se han quedado casi todos as\u00ed que estamos muy contentos&#8221;<\/strong>, expres\u00f3.<\/p>\n<p><a href=\"https:\/\/www.locoxelrojo.com\/independiente\/2017\/08\/31\/burrito-rojo\/\">Adem\u00e1s se refiri\u00f3 a la posible llegada de Juan Manuel Mart\u00ednez<\/a>, con quien comparti\u00f3 plantel en Boca:\u00a0<strong>&#8220;En lo personal, el Burrito es una gran persona, siempre suma. En lo futbol\u00edstico viene a aportar ante la salida de Emi (Rigoni)&#8221;<\/strong>.<\/p>\n<p>Por \u00faltimo habl\u00f3 de su regreso al once inicial ante Hurac\u00e1n: <strong>&#8220;Estoy contento por haber vuelto a jugar de arranque porque hace tiempo que no lo hac\u00eda, por el triunfo y por c\u00f3mo se dio&#8221;<\/strong>.<\/p>\n<blockquote class=\"instagram-media\" style=\"background: #FFF; border: 0; border-radius: 3px; box-shadow: 0 0 1px 0 rgba(0,0,0,0.5),0 1px 10px 0 rgba(0,0,0,0.15); margin: 1px; max-width: 658px; padding: 0; width: calc(100% - 2px);\" data-instgrm-captioned=\"\" data-instgrm-version=\"7\">\n<div style=\"padding: 8px;\">\n<div style=\"background: #F8F8F8; line-height: 0; margin-top: 40px; padding: 28.194444444444443% 0; text-align: center; width: 100%;\"><\/div>\n<p style=\"margin: 8px 0 0 0; padding: 0 4px;\"><a style=\"color: #000; font-family: Arial,sans-serif; font-size: 14px; font-style: normal; font-weight: normal; line-height: 17px; text-decoration: none; word-wrap: break-word;\" href=\"https:\/\/www.instagram.com\/p\/BUXYQbuBFbz\/\" target=\"_blank\">Con el \u00faltimo suspiro, #Independiente se lo dio vuelta 2-1 a #Hurac\u00e1n gracias a este gol de @waltervitiok. Final emocionante en Avellaneda. Lo revivimos en #LXRTV.<\/a><\/p>\n<p style=\"color: #c9c8cd; font-family: Arial,sans-serif; font-size: 14px; line-height: 17px; margin-bottom: 0; margin-top: 8px; overflow: hidden; padding: 8px 0 7px; text-align: center; text-overflow: ellipsis; white-space: nowrap;\">Una publicaci\u00f3n compartida de Locoxelrojo.com (@locoxelrojoweb) el <time style=\"font-family: Arial,sans-serif; font-size: 14px; line-height: 17px;\" datetime=\"2017-05-21T18:58:37+00:00\">21 de May de 2017 a la(s) 11:58 PDT<\/time><\/p>\n<\/div>\n<\/blockquote>\n<p><script async defer src=\"\/\/platform.instagram.com\/en_US\/embeds.js\"><\/script><\/p>\n","protected":false},"excerpt":{"rendered":"<p>Luego del entrenamiento matutino, Walter Erviti\u00a0se refiri\u00f3 al momento que atraviesa Independiente. Reconoci\u00f3 que cuando lleg\u00f3, el Rojo estaba en una situaci\u00f3n cr\u00edtica pero desde el arribo\u00a0de Ariel Holan el panorama cambi\u00f3. &#8220;Me toc\u00f3 llegar con un Independiente en una situaci\u00f3n complicada y hoy estamos viviendo un presente del cual disfrutamos&#8221;, se\u00f1al\u00f3 en conferencia de [&hellip;]<\/p>\n","protected":false},"author":19,"featured_media":72411,"comment_status":"open","ping_status":"closed","sticky":false,"template":"","format":"standard","meta":{"_links_to":"","_links_to_target":""},"categories":[3247,3],"tags":[2041],"_links":{"self":[{"href":"https:\/\/www.locoxelrojo.com\/independiente\/wp-json\/wp\/v2\/posts\/72410"}],"collection":[{"href":"https:\/\/www.locoxelrojo.com\/independiente\/wp-json\/wp\/v2\/posts"}],"about":[{"href":"https:\/\/www.locoxelrojo.com\/independiente\/wp-json\/wp\/v2\/types\/post"}],"author":[{"embeddable":true,"href":"https:\/\/www.locoxelrojo.com\/independiente\/wp-json\/wp\/v2\/users\/19"}],"replies":[{"embeddable":true,"href":"https:\/\/www.locoxelrojo.com\/independiente\/wp-json\/wp\/v2\/comments?post=72410"}],"version-history":[{"count":0,"href":"https:\/\/www.locoxelrojo.com\/independiente\/wp-json\/wp\/v2\/posts\/72410\/revisions"}],"wp:featuredmedia":[{"embeddable":true,"href":"https:\/\/www.locoxelrojo.com\/independiente\/wp-json\/wp\/v2\/media\/72411"}],"wp:attachment":[{"href":"https:\/\/www.locoxelrojo.com\/independiente\/wp-json\/wp\/v2\/media?parent=72410"}],"wp:term":[{"taxonomy":"category","embeddable":true,"href":"https:\/\/www.locoxelrojo.com\/independiente\/wp-json\/wp\/v2\/categories?post=72410"},{"taxonomy":"post_tag","embeddable":true,"href":"https:\/\/www.locoxelrojo.com\/independiente\/wp-json\/wp\/v2\/tags?post=72410"}],"curies":[{"name":"wp","href":"https:\/\/api.w.org\/{rel}","templated":true}]}}