{"id":72416,"date":"2017-08-31T18:38:31","date_gmt":"2017-08-31T21:38:31","guid":{"rendered":"http:\/\/www.locoxelrojo.com\/independiente\/?p=72416"},"modified":"2017-08-31T18:44:17","modified_gmt":"2017-08-31T21:44:17","slug":"martinez-cuando-me-entere-no-lo-dude","status":"publish","type":"post","link":"https:\/\/www.locoxelrojo.com\/independiente\/2017\/08\/31\/martinez-cuando-me-entere-no-lo-dude\/","title":{"rendered":"Mart\u00ednez: &#8220;Cuando me enter\u00e9, no lo dud\u00e9&#8221;"},"content":{"rendered":"<p>Luego de hacerse la revisi\u00f3n m\u00e9dica en la Cl\u00ednica Rossi, <strong>Juan Manuel Mart\u00ednez<\/strong> dialog\u00f3 con los medios y\u00a0habl\u00f3 de su inminente llegada a Independiente. Adem\u00e1s reconoci\u00f3: <strong>&#8220;Con Ariel Holan habl\u00e9 poco y nada. Quiero terminar de cerrar la operaci\u00f3n con la firma para poder sentarme bien y conocer su idea con m\u00e1s profundidad&#8221;<\/strong>.<\/p>\n<p><strong>&#8220;Fue una ma\u00f1ana muy movida. Me levant\u00e9 pensando que iba a ir a Arsenal, despu\u00e9s lleg\u00f3 una oferta de Australia y luego una de la MLS.\u00a0Pero m\u00e1s tarde segu\u00ed mirando el tel\u00e9fono y apareci\u00f3 Independiente. Cuando me enter\u00e9, no lo dud\u00e9&#8221;<\/strong>, se\u00f1al\u00f3 el delantero de 31 a\u00f1os.<\/p>\n<p>Y\u00a0si bien est\u00e1 todo encaminado para que se transforme en el quinto refuerzo del Rojo, el Burrito opt\u00f3 por la cautela.\u00a0<strong>&#8220;No quiero hablar como jugador de Independiente porque todav\u00eda no lo soy, pero en caso de que se d\u00e9, ser\u00eda algo muy lindo&#8221;.<\/strong><\/p>\n<p>En lo que respecta a sus objetivos para esta nueva etapa de su carrera, Mart\u00ednez expres\u00f3: <strong>&#8220;Me siento muy bien porque me estaba entrenando, pero obviamente me falta un poquito de ritmo que lo ir\u00e9 consiguiendo entrenando con el grupo. El momento de la instituci\u00f3n me sedujo y me siento identificado con el estilo de juego del equipo&#8221;.<\/strong><\/p>\n<p>Por \u00faltimo hizo referencia al paso de Nicol\u00e1s Mart\u00ednez por el club, quien obtuvo la Copa Sudamericana 2010.<strong>\u00a0&#8220;\u00c9l me habl\u00f3 muy bien de Independiente, aunque en ese momento estaba otra gente en la conducci\u00f3n. Tratar\u00e9 de lograr los objetivos que consigui\u00f3 mi hermano&#8221;<\/strong>, concluy\u00f3.<\/p>\n<blockquote class=\"instagram-media\" style=\"background: #FFF; border: 0; border-radius: 3px; box-shadow: 0 0 1px 0 rgba(0,0,0,0.5),0 1px 10px 0 rgba(0,0,0,0.15); margin: 1px; max-width: 658px; padding: 0; width: calc(100% - 2px);\" data-instgrm-captioned=\"\" data-instgrm-version=\"7\">\n<div style=\"padding: 8px;\">\n<div style=\"background: #F8F8F8; line-height: 0; margin-top: 40px; padding: 50% 0; text-align: center; width: 100%;\"><\/div>\n<p style=\"margin: 8px 0 0 0; padding: 0 4px;\"><a style=\"color: #000; font-family: Arial,sans-serif; font-size: 14px; font-style: normal; font-weight: normal; line-height: 17px; text-decoration: none; word-wrap: break-word;\" href=\"https:\/\/www.instagram.com\/p\/BYeFICghIk1\/\" target=\"_blank\">Juan Manuel Mart\u00ednez se est\u00e1 realizando la revisi\u00f3n m\u00e9dica para convertirse en el 5to refuerzo de #Independiente. Toda la informaci\u00f3n en www.locoxelrojo.com<\/a><\/p>\n<p style=\"color: #c9c8cd; font-family: Arial,sans-serif; font-size: 14px; line-height: 17px; margin-bottom: 0; margin-top: 8px; overflow: hidden; padding: 8px 0 7px; text-align: center; text-overflow: ellipsis; white-space: nowrap;\">Una publicaci\u00f3n compartida de Locoxelrojo.com (@locoxelrojoweb) el <time style=\"font-family: Arial,sans-serif; font-size: 14px; line-height: 17px;\" datetime=\"2017-08-31T19:31:43+00:00\">31 de Ago de 2017 a la(s) 12:31 PDT<\/time><\/p>\n<\/div>\n<\/blockquote>\n<p><script async defer src=\"\/\/platform.instagram.com\/en_US\/embeds.js\"><\/script><\/p>\n<p><span style=\"color: #999999;\"><em>Foto: @AlcainG<\/em><\/span><\/p>\n","protected":false},"excerpt":{"rendered":"<p>Luego de hacerse la revisi\u00f3n m\u00e9dica en la Cl\u00ednica Rossi, Juan Manuel Mart\u00ednez dialog\u00f3 con los medios y\u00a0habl\u00f3 de su inminente llegada a Independiente. Adem\u00e1s reconoci\u00f3: &#8220;Con Ariel Holan habl\u00e9 poco y nada. Quiero terminar de cerrar la operaci\u00f3n con la firma para poder sentarme bien y conocer su idea con m\u00e1s profundidad&#8221;. &#8220;Fue una [&hellip;]<\/p>\n","protected":false},"author":19,"featured_media":72417,"comment_status":"open","ping_status":"closed","sticky":false,"template":"","format":"standard","meta":{"_links_to":"","_links_to_target":""},"categories":[3280,3247],"tags":[1886],"_links":{"self":[{"href":"https:\/\/www.locoxelrojo.com\/independiente\/wp-json\/wp\/v2\/posts\/72416"}],"collection":[{"href":"https:\/\/www.locoxelrojo.com\/independiente\/wp-json\/wp\/v2\/posts"}],"about":[{"href":"https:\/\/www.locoxelrojo.com\/independiente\/wp-json\/wp\/v2\/types\/post"}],"author":[{"embeddable":true,"href":"https:\/\/www.locoxelrojo.com\/independiente\/wp-json\/wp\/v2\/users\/19"}],"replies":[{"embeddable":true,"href":"https:\/\/www.locoxelrojo.com\/independiente\/wp-json\/wp\/v2\/comments?post=72416"}],"version-history":[{"count":0,"href":"https:\/\/www.locoxelrojo.com\/independiente\/wp-json\/wp\/v2\/posts\/72416\/revisions"}],"wp:featuredmedia":[{"embeddable":true,"href":"https:\/\/www.locoxelrojo.com\/independiente\/wp-json\/wp\/v2\/media\/72417"}],"wp:attachment":[{"href":"https:\/\/www.locoxelrojo.com\/independiente\/wp-json\/wp\/v2\/media?parent=72416"}],"wp:term":[{"taxonomy":"category","embeddable":true,"href":"https:\/\/www.locoxelrojo.com\/independiente\/wp-json\/wp\/v2\/categories?post=72416"},{"taxonomy":"post_tag","embeddable":true,"href":"https:\/\/www.locoxelrojo.com\/independiente\/wp-json\/wp\/v2\/tags?post=72416"}],"curies":[{"name":"wp","href":"https:\/\/api.w.org\/{rel}","templated":true}]}}