{"id":72501,"date":"2017-09-07T19:40:20","date_gmt":"2017-09-07T22:40:20","guid":{"rendered":"http:\/\/www.locoxelrojo.com\/independiente\/?p=72501"},"modified":"2017-09-07T22:03:50","modified_gmt":"2017-09-08T01:03:50","slug":"incertidumbre-bahia-blanca","status":"publish","type":"post","link":"https:\/\/www.locoxelrojo.com\/independiente\/2017\/09\/07\/incertidumbre-bahia-blanca\/","title":{"rendered":"Incertidumbre en Bah\u00eda Blanca"},"content":{"rendered":"<p><strong>El plantel de Independiente\u00a0se instal\u00f3 en Bah\u00eda Blanca, se entren\u00f3 en la cancha de Villa Mitre y sum\u00f3 una preocupaci\u00f3n de \u00faltimo momento de cara al partido ante Olimpo.<\/strong><\/p>\n<p>Ariel Holan organiz\u00f3 una pr\u00e1ctica con trabajos t\u00e1cticos, sin confirmar a los once que saldr\u00e1n a la cancha este viernes por la noche. Si bien se sabe que presentar\u00e1 un mix con habituales suplentes, podr\u00eda haber una variante inesperada, ya que <strong>Mart\u00edn Campa\u00f1a qued\u00f3 golpeado tras un choque con Maximiliano Meza y\u00a0est\u00e1 en duda para atajar frente al Aurinegro<\/strong>.<\/p>\n<p>El cuerpo t\u00e9cnico esperar\u00e1 la evoluci\u00f3n del uruguayo, aunque <strong>hay optimismo y creen que podr\u00e1 ser titular<\/strong>. En <a href=\"https:\/\/www.locoxelrojo.com\/independiente\/2017\/09\/07\/holan-presentar-mix-competitivo\/\">conferencia de prensa<\/a>, Holan confirm\u00f3 que <strong>Jon\u00e1s Guti\u00e9rrez y Maximiliano Meza estar\u00e1n desde el arranque<\/strong>, ya que el martes no podr\u00e1n jugar ante Atl\u00e9tico Tucum\u00e1n. <strong>El Galgo fue probado en una posici\u00f3n rara, como lateral derecho<\/strong>.<\/p>\n<p>As\u00ed las cosas, el Rojo podr\u00eda salir\u00a0a la cancha ante Olimpo con\u00a0<strong>Campa\u00f1a o Gonzalo Rehak; Guti\u00e9rrez, Rodrigo Moreira, Fernando Amorebieta, Juan S\u00e1nchez Mi\u00f1o; Diego Rodr\u00edguez, Nery Dom\u00ednguez; Domingo Blanco, Meza,\u00a0Gast\u00f3n Togni; Lucas Albertengo<\/strong>.<\/p>\n","protected":false},"excerpt":{"rendered":"<p>El plantel de Independiente\u00a0se instal\u00f3 en Bah\u00eda Blanca, se entren\u00f3 en la cancha de Villa Mitre y sum\u00f3 una preocupaci\u00f3n de \u00faltimo momento de cara al partido ante Olimpo. Ariel Holan organiz\u00f3 una pr\u00e1ctica con trabajos t\u00e1cticos, sin confirmar a los once que saldr\u00e1n a la cancha este viernes por la noche. Si bien se [&hellip;]<\/p>\n","protected":false},"author":8,"featured_media":72502,"comment_status":"open","ping_status":"closed","sticky":false,"template":"","format":"standard","meta":{"_links_to":"","_links_to_target":""},"categories":[3247,3],"tags":[791,26,3126],"_links":{"self":[{"href":"https:\/\/www.locoxelrojo.com\/independiente\/wp-json\/wp\/v2\/posts\/72501"}],"collection":[{"href":"https:\/\/www.locoxelrojo.com\/independiente\/wp-json\/wp\/v2\/posts"}],"about":[{"href":"https:\/\/www.locoxelrojo.com\/independiente\/wp-json\/wp\/v2\/types\/post"}],"author":[{"embeddable":true,"href":"https:\/\/www.locoxelrojo.com\/independiente\/wp-json\/wp\/v2\/users\/8"}],"replies":[{"embeddable":true,"href":"https:\/\/www.locoxelrojo.com\/independiente\/wp-json\/wp\/v2\/comments?post=72501"}],"version-history":[{"count":0,"href":"https:\/\/www.locoxelrojo.com\/independiente\/wp-json\/wp\/v2\/posts\/72501\/revisions"}],"wp:featuredmedia":[{"embeddable":true,"href":"https:\/\/www.locoxelrojo.com\/independiente\/wp-json\/wp\/v2\/media\/72502"}],"wp:attachment":[{"href":"https:\/\/www.locoxelrojo.com\/independiente\/wp-json\/wp\/v2\/media?parent=72501"}],"wp:term":[{"taxonomy":"category","embeddable":true,"href":"https:\/\/www.locoxelrojo.com\/independiente\/wp-json\/wp\/v2\/categories?post=72501"},{"taxonomy":"post_tag","embeddable":true,"href":"https:\/\/www.locoxelrojo.com\/independiente\/wp-json\/wp\/v2\/tags?post=72501"}],"curies":[{"name":"wp","href":"https:\/\/api.w.org\/{rel}","templated":true}]}}