{"id":72581,"date":"2017-09-10T15:52:05","date_gmt":"2017-09-10T18:52:05","guid":{"rendered":"http:\/\/www.locoxelrojo.com\/independiente\/?p=72581"},"modified":"2017-09-10T16:22:00","modified_gmt":"2017-09-10T19:22:00","slug":"concentrados-vs-atletico-tucuman-salen-siete","status":"publish","type":"post","link":"https:\/\/www.locoxelrojo.com\/independiente\/2017\/09\/10\/concentrados-vs-atletico-tucuman-salen-siete\/","title":{"rendered":"Concentrados vs. Atl\u00e9tico Tucum\u00e1n: salen siete"},"content":{"rendered":"<p><strong>Ariel Holan confirm\u00f3 la lista de concentrados de Independiente para\u00a0recibir a Atl\u00e9tico Tucum\u00e1n por Copa Sudamericana. Fueron 20 los citados, por lo que dos quedar\u00e1n afuera del banco de suplentes.<\/strong><\/p>\n<p>De cara a la revancha ante el Decano por la revancha de los octavos de final, <strong>el entrenador no incluy\u00f3 ninguna cara nueva<\/strong> con respecto a la n\u00f3mina que viaj\u00f3 a Bah\u00eda Blanca. M\u00e1s bien, la recort\u00f3: <strong>dej\u00f3 a siete jugadores afuera<\/strong>.<\/p>\n<p>A las ya sabidas <strong>ausencias de\u00a0Jon\u00e1s Guti\u00e9rrez<\/strong> (ya particip\u00f3 de la Copa con Defensa y Justicia) <strong>y Maximiliano Meza<\/strong> (alcanz\u00f3 el l\u00edmite de amonestaciones en Tucum\u00e1n), se sumaron <strong>cinco bajas m\u00e1s: Dami\u00e1n Albil, Nicol\u00e1s Figal, N\u00e9stor Breitenbruch, Gonzalo As\u00eds y Juan Manuel Mart\u00ednez<\/strong>.<\/p>\n<p>Por su parte, si bien\u00a0<strong>Mart\u00edn Ben\u00edtez y Fernando Amorebieta fueron incluidos<\/strong> en la lista, <strong>es muy probable que no puedan jugar<\/strong> el martes por <a href=\"https:\/\/www.locoxelrojo.com\/independiente\/2017\/09\/10\/la-lluvia-dos-lesionados\/\">arrastrar distintas lesiones<\/a>.<\/p>\n<p><span style=\"text-decoration: underline;\"><strong>Los 20 convocados<\/strong><\/span><\/p>\n<p><strong>Arqueros:<\/strong> Mart\u00edn Campa\u00f1a y Gonzalo Rehak.<\/p>\n<p><strong>Defensores:<\/strong> Fabricio Bustos, Alan Franco, Nicol\u00e1s Tagliafico, Juan S\u00e1nchez Mi\u00f1o, Rodrigo Moreira, Fernando Amorebieta y Gast\u00f3n Silva.<\/p>\n<p><strong>Mediocampistas:<\/strong> Nery Dom\u00ednguez, Diego Rodr\u00edguez, Nicol\u00e1s Domingo, Ezequiel Barco, Walter Erviti y Domingo Blanco.<\/p>\n<p><strong>Delanteros:<\/strong> Leandro Fern\u00e1ndez, Lucas Albertengo, Mart\u00edn Ben\u00edtez, Emmanuel Gigliotti y Gast\u00f3n Togni.<\/p>\n<p><span style=\"color: #808080;\"><em>Foto: Club Atl\u00e9tico Independiente<\/em><\/span><\/p>\n","protected":false},"excerpt":{"rendered":"<p>Ariel Holan confirm\u00f3 la lista de concentrados de Independiente para\u00a0recibir a Atl\u00e9tico Tucum\u00e1n por Copa Sudamericana. Fueron 20 los citados, por lo que dos quedar\u00e1n afuera del banco de suplentes. De cara a la revancha ante el Decano por la revancha de los octavos de final, el entrenador no incluy\u00f3 ninguna cara nueva con respecto [&hellip;]<\/p>\n","protected":false},"author":8,"featured_media":72582,"comment_status":"open","ping_status":"closed","sticky":false,"template":"","format":"standard","meta":{"_links_to":"","_links_to_target":""},"categories":[3247,3],"tags":[153,2024,3388,3347],"_links":{"self":[{"href":"https:\/\/www.locoxelrojo.com\/independiente\/wp-json\/wp\/v2\/posts\/72581"}],"collection":[{"href":"https:\/\/www.locoxelrojo.com\/independiente\/wp-json\/wp\/v2\/posts"}],"about":[{"href":"https:\/\/www.locoxelrojo.com\/independiente\/wp-json\/wp\/v2\/types\/post"}],"author":[{"embeddable":true,"href":"https:\/\/www.locoxelrojo.com\/independiente\/wp-json\/wp\/v2\/users\/8"}],"replies":[{"embeddable":true,"href":"https:\/\/www.locoxelrojo.com\/independiente\/wp-json\/wp\/v2\/comments?post=72581"}],"version-history":[{"count":0,"href":"https:\/\/www.locoxelrojo.com\/independiente\/wp-json\/wp\/v2\/posts\/72581\/revisions"}],"wp:featuredmedia":[{"embeddable":true,"href":"https:\/\/www.locoxelrojo.com\/independiente\/wp-json\/wp\/v2\/media\/72582"}],"wp:attachment":[{"href":"https:\/\/www.locoxelrojo.com\/independiente\/wp-json\/wp\/v2\/media?parent=72581"}],"wp:term":[{"taxonomy":"category","embeddable":true,"href":"https:\/\/www.locoxelrojo.com\/independiente\/wp-json\/wp\/v2\/categories?post=72581"},{"taxonomy":"post_tag","embeddable":true,"href":"https:\/\/www.locoxelrojo.com\/independiente\/wp-json\/wp\/v2\/tags?post=72581"}],"curies":[{"name":"wp","href":"https:\/\/api.w.org\/{rel}","templated":true}]}}