{"id":72638,"date":"2017-09-12T23:30:48","date_gmt":"2017-09-13T02:30:48","guid":{"rendered":"http:\/\/www.locoxelrojo.com\/independiente\/?p=72638"},"modified":"2017-09-13T02:26:05","modified_gmt":"2017-09-13T05:26:05","slug":"benitez-esta-alegria-algo-lindo","status":"publish","type":"post","link":"https:\/\/www.locoxelrojo.com\/independiente\/2017\/09\/12\/benitez-esta-alegria-algo-lindo\/","title":{"rendered":"Ben\u00edtez: &#8220;Tener esta alegr\u00eda es algo muy lindo&#8221;"},"content":{"rendered":"<p><strong>Mart\u00edn Ben\u00edtez, que marc\u00f3 el gol de la clasificaci\u00f3n de Independiente, dialog\u00f3 despu\u00e9s del partido y reconoci\u00f3 que no iba a ser titular, aunque finalmente termin\u00f3 jugando porque pens\u00f3 que iba ser importante.<\/strong> Adem\u00e1s, cont\u00f3 que le toc\u00f3 vivir momentos duros en el club y entre lagrimas explic\u00f3 porqu\u00e9 decidi\u00f3 quedarse.<\/p>\n<p><strong>&#8220;Es un sue\u00f1o, me ha toca pasar cosas muy complicadas, pero por suerte lleg\u00f3 esta alegr\u00eda. Le quiero agradecer a toda mi familia, amigos, a mi esposa y a mi hija que estuvieron en los malos momentos que me toc\u00f3 pasar&#8221;<\/strong>, sostuvo el delantero de Independiente que marc\u00f3 un gol clave ante el Decano.<\/p>\n<p>Sin dudas que su gol fue importante, aunque para el misionero tambi\u00e9n fue una revancha personal: <strong>&#8220;Viv\u00ed muchas cosas ac\u00e1, estoy hace 12 a\u00f1os, tener esta alegr\u00eda es algo muy lindo. Me iba a doler mucho dejar el club con una mala relaci\u00f3n con los hinchas, tuve la chance de irme pero decid\u00ed quedarme. La verdad es que hoy no iba jugar, pero me tuve fe y gracias a dios pudimos pasar&#8221;.<\/strong><\/p>\n<p><strong>Reviv\u00ed el gol de Mart\u00edn Ben\u00edtez que puso al Rojo en cuartos:<\/strong><\/p>\n<blockquote class=\"twitter-video\" data-lang=\"es\">\n<p dir=\"ltr\" lang=\"es\">Para que lo veas una y otra vez: el golazo de Mart\u00edn Ben\u00edtez que le dio la clasificaci\u00f3n a <a href=\"https:\/\/twitter.com\/hashtag\/Independiente?src=hash\">#Independiente<\/a> a los cuartos de la <a href=\"https:\/\/twitter.com\/hashtag\/Sudamericana?src=hash\">#Sudamericana<\/a>. <a href=\"https:\/\/t.co\/IzpFTBLwzF\">pic.twitter.com\/IzpFTBLwzF<\/a><\/p>\n<p>\u2014 Independiente (LXR) (@locoxelrojoweb) <a href=\"https:\/\/twitter.com\/locoxelrojoweb\/status\/907812193701376001\">13 de septiembre de 2017<\/a><\/p><\/blockquote>\n<p><script async src=\"\/\/platform.twitter.com\/widgets.js\" charset=\"utf-8\"><\/script><\/p>\n","protected":false},"excerpt":{"rendered":"<p>Mart\u00edn Ben\u00edtez, que marc\u00f3 el gol de la clasificaci\u00f3n de Independiente, dialog\u00f3 despu\u00e9s del partido y reconoci\u00f3 que no iba a ser titular, aunque finalmente termin\u00f3 jugando porque pens\u00f3 que iba ser importante. Adem\u00e1s, cont\u00f3 que le toc\u00f3 vivir momentos duros en el club y entre lagrimas explic\u00f3 porqu\u00e9 decidi\u00f3 quedarse. &#8220;Es un sue\u00f1o, me [&hellip;]<\/p>\n","protected":false},"author":14,"featured_media":72619,"comment_status":"open","ping_status":"closed","sticky":false,"template":"","format":"standard","meta":{"_links_to":"","_links_to_target":""},"categories":[7,3247],"tags":[297,153,3347,258],"_links":{"self":[{"href":"https:\/\/www.locoxelrojo.com\/independiente\/wp-json\/wp\/v2\/posts\/72638"}],"collection":[{"href":"https:\/\/www.locoxelrojo.com\/independiente\/wp-json\/wp\/v2\/posts"}],"about":[{"href":"https:\/\/www.locoxelrojo.com\/independiente\/wp-json\/wp\/v2\/types\/post"}],"author":[{"embeddable":true,"href":"https:\/\/www.locoxelrojo.com\/independiente\/wp-json\/wp\/v2\/users\/14"}],"replies":[{"embeddable":true,"href":"https:\/\/www.locoxelrojo.com\/independiente\/wp-json\/wp\/v2\/comments?post=72638"}],"version-history":[{"count":0,"href":"https:\/\/www.locoxelrojo.com\/independiente\/wp-json\/wp\/v2\/posts\/72638\/revisions"}],"wp:featuredmedia":[{"embeddable":true,"href":"https:\/\/www.locoxelrojo.com\/independiente\/wp-json\/wp\/v2\/media\/72619"}],"wp:attachment":[{"href":"https:\/\/www.locoxelrojo.com\/independiente\/wp-json\/wp\/v2\/media?parent=72638"}],"wp:term":[{"taxonomy":"category","embeddable":true,"href":"https:\/\/www.locoxelrojo.com\/independiente\/wp-json\/wp\/v2\/categories?post=72638"},{"taxonomy":"post_tag","embeddable":true,"href":"https:\/\/www.locoxelrojo.com\/independiente\/wp-json\/wp\/v2\/tags?post=72638"}],"curies":[{"name":"wp","href":"https:\/\/api.w.org\/{rel}","templated":true}]}}