{"id":7264,"date":"2011-04-26T23:37:51","date_gmt":"2011-04-27T02:37:51","guid":{"rendered":"http:\/\/www.locoxelrojo.com.ar\/independiente\/?p=7264"},"modified":"2011-04-26T23:39:44","modified_gmt":"2011-04-27T02:39:44","slug":"mohamed-con-battion-hubo-una-diferencia-de-pensamiento","status":"publish","type":"post","link":"https:\/\/www.locoxelrojo.com\/independiente\/2011\/04\/26\/mohamed-con-battion-hubo-una-diferencia-de-pensamiento\/","title":{"rendered":"Mohamed: &#8220;Con Batti\u00f3n hubo una diferencia de pensamiento&#8221;"},"content":{"rendered":"<p><a href=\"http:\/\/www.locoxelrojo.com.ar\/independiente\/wp-content\/uploads\/2011\/04\/mohamed_lema_kenny.jpg\"><img loading=\"lazy\" class=\"alignnone size-full wp-image-7265\" title=\"mohamed_lema_kenny\" src=\"http:\/\/www.locoxelrojo.com.ar\/independiente\/wp-content\/uploads\/2011\/04\/mohamed_lema_kenny.jpg\" alt=\"\" width=\"590\" height=\"315\" srcset=\"https:\/\/locoxelrojo.com\/independiente\/wp-content\/uploads\/2011\/04\/mohamed_lema_kenny.jpg 590w, https:\/\/locoxelrojo.com\/independiente\/wp-content\/uploads\/2011\/04\/mohamed_lema_kenny-300x160.jpg 300w\" sizes=\"(max-width: 590px) 100vw, 590px\" \/><\/a><\/p>\n<p>El t\u00e9cnico de Independiente dialog\u00f3 con Marca y Presi\u00f3, el programa de Marcelo Palacios en TyC Sports que se emite los jueves a las 23 horas, y fue consultado sobre el choque con Roberto Batti\u00f3n luego del encuentro frente a All Boys. Mohamed admiti\u00f3 la diferencia de ideas y agreg\u00f3: <strong>&#8220;\u00c9l sigue siendo parte del plantel y nosotros conducimos&#8221;.<\/strong><\/p>\n<p>Igualmente, Batti\u00f3n no ser\u00e1 titular frente a Boca. \u201cCon Batti\u00f3n hubo una diferencia de pensamiento. Lo hablamos como dos  personas y no hay rencores. \u00c9l sigue siendo parte del plantel y nosotros  conducimos&#8221;, aclar\u00f3 el t\u00e9cnico. El volante central encuentra en la preparaci\u00f3n f\u00edsica la culpa del momento actual. Sobre este tema, el DT ampli\u00f3: <strong>&#8220;\u00e9l tiene un pensamiento y nosotros uno distinto. Pero se  puede convivir, \u00e9l sigue dentro del plantel. \u00c9l piensa que no hay grises  y nosotros le intentaremos dar lo mejor para que est\u00e9 c\u00f3modo.&#8221;<\/strong><\/p>\n<p>Para terminar, Mohamed pidi\u00f3 que no se ponga en duda el trabajo del cuerpo t\u00e9cnico porque <strong>&#8220;la idea  es sacarle lo mejor a cada jugador y si no lo puedo lograr, ser\u00e1 un  problema m\u00edo. Tratar\u00e9 de no perjudicar al jugador ni al club\u201d<\/strong>, concluy\u00f3.<\/p>\n<p><strong><em>Mir\u00e1 el video:<\/em><\/strong><\/p>\n<p><object style=\"height: 315px; width: 595px;\" classid=\"clsid:d27cdb6e-ae6d-11cf-96b8-444553540000\" width=\"100\" height=\"100\" codebase=\"http:\/\/download.macromedia.com\/pub\/shockwave\/cabs\/flash\/swflash.cab#version=6,0,40,0\"><param name=\"allowFullScreen\" value=\"true\" \/><param name=\"allowScriptAccess\" value=\"always\" \/><param name=\"src\" value=\"http:\/\/www.youtube.com\/v\/rUTURmYBQKY?version=3\" \/><param name=\"allowfullscreen\" value=\"true\" \/><embed style=\"height: 315px; width: 595px;\" type=\"application\/x-shockwave-flash\" width=\"100\" height=\"100\" src=\"http:\/\/www.youtube.com\/v\/rUTURmYBQKY?version=3\" allowscriptaccess=\"always\" allowfullscreen=\"true\"><\/embed><\/object><\/p>\n","protected":false},"excerpt":{"rendered":"<p>El t\u00e9cnico de Independiente dialog\u00f3 con Marca y Presi\u00f3, el programa de Marcelo Palacios en TyC Sports que se emite los jueves a las 23 horas, y fue consultado sobre el choque con Roberto Batti\u00f3n luego del encuentro frente a All Boys. Mohamed admiti\u00f3 la diferencia de ideas y agreg\u00f3: &#8220;\u00c9l sigue siendo parte del [&hellip;]<\/p>\n","protected":false},"author":1,"featured_media":0,"comment_status":"open","ping_status":"open","sticky":false,"template":"","format":"standard","meta":{"_links_to":"","_links_to_target":""},"categories":[3,1],"tags":[115,153,748,31,469],"_links":{"self":[{"href":"https:\/\/www.locoxelrojo.com\/independiente\/wp-json\/wp\/v2\/posts\/7264"}],"collection":[{"href":"https:\/\/www.locoxelrojo.com\/independiente\/wp-json\/wp\/v2\/posts"}],"about":[{"href":"https:\/\/www.locoxelrojo.com\/independiente\/wp-json\/wp\/v2\/types\/post"}],"author":[{"embeddable":true,"href":"https:\/\/www.locoxelrojo.com\/independiente\/wp-json\/wp\/v2\/users\/1"}],"replies":[{"embeddable":true,"href":"https:\/\/www.locoxelrojo.com\/independiente\/wp-json\/wp\/v2\/comments?post=7264"}],"version-history":[{"count":0,"href":"https:\/\/www.locoxelrojo.com\/independiente\/wp-json\/wp\/v2\/posts\/7264\/revisions"}],"wp:attachment":[{"href":"https:\/\/www.locoxelrojo.com\/independiente\/wp-json\/wp\/v2\/media?parent=7264"}],"wp:term":[{"taxonomy":"category","embeddable":true,"href":"https:\/\/www.locoxelrojo.com\/independiente\/wp-json\/wp\/v2\/categories?post=7264"},{"taxonomy":"post_tag","embeddable":true,"href":"https:\/\/www.locoxelrojo.com\/independiente\/wp-json\/wp\/v2\/tags?post=7264"}],"curies":[{"name":"wp","href":"https:\/\/api.w.org\/{rel}","templated":true}]}}