{"id":7272,"date":"2011-04-27T13:16:17","date_gmt":"2011-04-27T16:16:17","guid":{"rendered":"http:\/\/www.locoxelrojo.com.ar\/independiente\/?p=7272"},"modified":"2015-09-10T03:47:31","modified_gmt":"2015-09-10T06:47:31","slug":"assman-no-se-si-sirve-ganar-solamente","status":"publish","type":"post","link":"https:\/\/www.locoxelrojo.com\/independiente\/2011\/04\/27\/assman-no-se-si-sirve-ganar-solamente\/","title":{"rendered":"Assmann: &#8220;No s\u00e9 si sirve ganar solamente&#8221;"},"content":{"rendered":"<p><a href=\"http:\/\/www.locoxelrojo.com.ar\/independiente\/wp-content\/uploads\/2011\/04\/assman.jpg\"><img loading=\"lazy\" class=\"alignnone size-full wp-image-7273\" title=\"assman\" src=\"http:\/\/www.locoxelrojo.com.ar\/independiente\/wp-content\/uploads\/2011\/04\/assman.jpg\" alt=\"\" width=\"590\" height=\"315\" srcset=\"https:\/\/locoxelrojo.com\/independiente\/wp-content\/uploads\/2011\/04\/assman.jpg 590w, https:\/\/locoxelrojo.com\/independiente\/wp-content\/uploads\/2011\/04\/assman-300x160.jpg 300w\" sizes=\"(max-width: 590px) 100vw, 590px\" \/><\/a><\/p>\n<p><strong>Fabi\u00e1n Assmann <\/strong>dialog\u00f3 con <strong>90 minutos por Fox Sports<\/strong> y se manifest\u00f3 sobre el presente de Independiente. Adem\u00e1s dialog\u00f3 sobre la promoci\u00f3n, su titularidad y el partido frente a Boca. &#8220;Lo m\u00e1s complicado fue quedar eliminado de la copa y perder el cl\u00e1sico, ahora tenemos que pensar en Boca, haciendo un buen papel todo cambia&#8221;, advirti\u00f3.<\/p>\n<p>Sobre el presente del Rojo, el arquero reconoci\u00f3 que<strong> &#8220;fecha tras fecha uno tiene pruebas y debe rendir de la mejor manera. Vienen partidos importantes y el torneo se empieza a dividir. Ser\u00eda ideal sumar de a 3 y no estamos lejos porque ganando 2 o 3 partidos nos prendemos en la punta&#8221;<\/strong>. Sin embargo, cuando le preguntaron sobre el partido frente a Boca, Assman dijo<strong>: &#8220;no s\u00e9 si sirve ganar solamente, es una cancha dif\u00edcil, vamos a ver c\u00f3mo se da el partido. La idea nuestra es sumar de a 3 pero Boca es Boca y hay que respetarlo. Vamos a salir a jugar en cancha de ellos y tratar de buscar el partido&#8221;.<\/strong><\/p>\n<p>A la hora de hablar de la promoci\u00f3n, Assman reconoci\u00f3 que <strong>&#8220;el promedio preocupa porque empatas o perdes un partido y los de atr\u00e1s sacan puntos, uno siempre mira pero sabemos que tenemos que pensar en otra cosa y esto debe cambiar. Independiente debe pelear el campeonato y no fijarse en el promedio. Lo miramos pero no estamos tan compenetrados porque te juega en contra en la cabeza. Solo pensamos en tener un buen partido el fin de semana y estar entre los primeros puestos&#8221;.<\/strong><\/p>\n<p>Tambi\u00e9n hubo espacio para interpretar la reacci\u00f3n de Roberto Batti\u00f3n para con el cuerpo t\u00e9cnico<strong>. &#8220;Estando adentro del campo de juego estas a 1000 revoluiciones, me pas\u00f3 en Uruguay. Hay cosas que no podes controlar: decir una palabra no correcta o alg\u00fan gesto<\/strong>&#8220;, advirti\u00f3 Assman. Y luego a\u00f1adi\u00f3:<strong> &#8220;pasa en cualquier deporte en el que estas a mil y hay mucha presi\u00f3n. A veces se te escapa algo que no queres decir. Una palabra no correcta empieza todo lo que viene despu\u00e9s. Ya pas\u00f3, se habl\u00f3 cuando se ten\u00eda que hablar y se aclararon las cosas&#8221;.<\/strong><\/p>\n<p>En cuanto a su presente, Assman apoy\u00f3 a Navarro y dijo que a\u00fan no han dialogado con Mohamed sobre su continuidad. <strong>&#8220;Entr\u00e9 por una lesi\u00f3n y sab\u00eda que ten\u00eda que tratar de responder lo m\u00e1s r\u00e1pido posible porque hac\u00eda mucho que no jugaba. Por suerte pude jugar unos cuantos partidos y tuve buenos y malos partidos. En el \u00faltimo partido no dej\u00e9 una imagen muy buena, en el resto s\u00ed y a m\u00ed me sirve de mucho&#8221;<\/strong>, expres\u00f3. Y concluy\u00f3: <strong>&#8220;Hilario se gan\u00f3 bien el puesto y cuando sal\u00eds por lesi\u00f3n mereces entrar. La decisi\u00f3n es del Turco y todav\u00eda no la hablamos&#8221;.<\/strong><\/p>\n<p><strong><em>Escuch\u00e1 el audio:<\/em><\/strong><\/p>\n<p><object width=\"335\" height=\"28\" classid=\"clsid:d27cdb6e-ae6d-11cf-96b8-444553540000\" codebase=\"http:\/\/download.macromedia.com\/pub\/shockwave\/cabs\/flash\/swflash.cab#version=6,0,40,0\"><param name=\"allowFullScreen\" value=\"true\" \/><param name=\"allowscriptaccess\" value=\"always\" \/><param name=\"wmode\" value=\"transparent\" \/><param name=\"src\" value=\"http:\/\/www.divshare.com\/flash\/audio_embed?data=YTo2OntzOjU6ImFwaUlkIjtzOjE6IjQiO3M6NjoiZmlsZUlkIjtzOjg6IjE0Njg2OTM1IjtzOjQ6ImNvZGUiO3M6MTI6IjE0Njg2OTM1LWQ4ZSI7czo2OiJ1c2VySWQiO3M6NzoiMjIxMTE0MSI7czoxMjoiZXh0ZXJuYWxDYWxsIjtpOjE7czo0OiJ0aW1lIjtpOjEzMDM5MjAzMjg7fQ==&amp;autoplay=default\" \/><param name=\"allowfullscreen\" value=\"true\" \/><embed type=\"application\/x-shockwave-flash\" width=\"335\" height=\"28\" src=\"http:\/\/www.divshare.com\/flash\/audio_embed?data=YTo2OntzOjU6ImFwaUlkIjtzOjE6IjQiO3M6NjoiZmlsZUlkIjtzOjg6IjE0Njg2OTM1IjtzOjQ6ImNvZGUiO3M6MTI6IjE0Njg2OTM1LWQ4ZSI7czo2OiJ1c2VySWQiO3M6NzoiMjIxMTE0MSI7czoxMjoiZXh0ZXJuYWxDYWxsIjtpOjE7czo0OiJ0aW1lIjtpOjEzMDM5MjAzMjg7fQ==&amp;autoplay=default\" wmode=\"transparent\" allowscriptaccess=\"always\" allowfullscreen=\"true\"><\/embed><\/object><\/p>\n","protected":false},"excerpt":{"rendered":"<p>Fabi\u00e1n Assmann dialog\u00f3 con 90 minutos por Fox Sports y se manifest\u00f3 sobre el presente de Independiente. Adem\u00e1s dialog\u00f3 sobre la promoci\u00f3n, su titularidad y el partido frente a Boca. &#8220;Lo m\u00e1s complicado fue quedar eliminado de la copa y perder el cl\u00e1sico, ahora tenemos que pensar en Boca, haciendo un buen papel todo cambia&#8221;, [&hellip;]<\/p>\n","protected":false},"author":1,"featured_media":0,"comment_status":"open","ping_status":"open","sticky":false,"template":"","format":"standard","meta":{"_links_to":"","_links_to_target":""},"categories":[3,1],"tags":[563,115,78,350,76,31],"_links":{"self":[{"href":"https:\/\/www.locoxelrojo.com\/independiente\/wp-json\/wp\/v2\/posts\/7272"}],"collection":[{"href":"https:\/\/www.locoxelrojo.com\/independiente\/wp-json\/wp\/v2\/posts"}],"about":[{"href":"https:\/\/www.locoxelrojo.com\/independiente\/wp-json\/wp\/v2\/types\/post"}],"author":[{"embeddable":true,"href":"https:\/\/www.locoxelrojo.com\/independiente\/wp-json\/wp\/v2\/users\/1"}],"replies":[{"embeddable":true,"href":"https:\/\/www.locoxelrojo.com\/independiente\/wp-json\/wp\/v2\/comments?post=7272"}],"version-history":[{"count":0,"href":"https:\/\/www.locoxelrojo.com\/independiente\/wp-json\/wp\/v2\/posts\/7272\/revisions"}],"wp:attachment":[{"href":"https:\/\/www.locoxelrojo.com\/independiente\/wp-json\/wp\/v2\/media?parent=7272"}],"wp:term":[{"taxonomy":"category","embeddable":true,"href":"https:\/\/www.locoxelrojo.com\/independiente\/wp-json\/wp\/v2\/categories?post=7272"},{"taxonomy":"post_tag","embeddable":true,"href":"https:\/\/www.locoxelrojo.com\/independiente\/wp-json\/wp\/v2\/tags?post=7272"}],"curies":[{"name":"wp","href":"https:\/\/api.w.org\/{rel}","templated":true}]}}