{"id":72878,"date":"2017-09-22T15:28:26","date_gmt":"2017-09-22T18:28:26","guid":{"rendered":"http:\/\/www.locoxelrojo.com\/independiente\/?p=72878"},"modified":"2017-09-22T15:28:26","modified_gmt":"2017-09-22T18:28:26","slug":"cambio-visitar-al-tomba","status":"publish","type":"post","link":"https:\/\/www.locoxelrojo.com\/independiente\/2017\/09\/22\/cambio-visitar-al-tomba\/","title":{"rendered":"\u00bfUn cambio para visitar al Tomba?"},"content":{"rendered":"<p>El plantel de Independiente se entren\u00f3 por \u00faltima vez este viernes en Mendoza a la espera del encuentro ante Godoy Cruz por la cuarta fecha de la Superliga y <b>Ariel Holan par\u00f3 un equipo similar al que qued\u00f3 eliminado en\u00a0la Copa Argentina.<\/b><\/p>\n<p>Luego de realizar la habitual entrada en calor y una serie de ejercicios t\u00e1cticos, el entrenador dispuso un equipo similar al que jug\u00f3 el martes. <b>La \u00fanica variante fue el ingreso de Diego Rodr\u00edguez Berrini en lugar de Nery Dom\u00ednguez<\/b>, quien no tuvo un buen desempe\u00f1o ante el Decano.<\/p>\n<blockquote class=\"twitter-video\" data-lang=\"es\">\n<p dir=\"ltr\" lang=\"es\"><a href=\"https:\/\/twitter.com\/hashtag\/Independiente?src=hash\">#Independiente<\/a> entrena en Mendoza pensando en el partido de ma\u00f1ana  <a href=\"https:\/\/twitter.com\/ClubGodoyCruz\">@ClubGodoyCruz<\/a> por la fecha 4\u20e3 de la <a href=\"https:\/\/twitter.com\/argsaf\">@argsaf<\/a><a href=\"https:\/\/twitter.com\/hashtag\/VamosRojo?src=hash\">#VamosRojo<\/a>!  <a href=\"https:\/\/t.co\/myxg1Ph5uU\">pic.twitter.com\/myxg1Ph5uU<\/a><\/p>\n<p>\u2014 C. A. Independiente (@Independiente) <a href=\"https:\/\/twitter.com\/Independiente\/status\/911233576968040454\">22 de septiembre de 2017<\/a><\/p><\/blockquote>\n<p><script async src=\"\/\/platform.twitter.com\/widgets.js\" charset=\"utf-8\"><\/script><\/p>\n<p>Por otra parte, <strong>no ser\u00e1 de la partida Fabricio Bustos<\/strong>, quien no pudo recuperarse de su contractura en la cara\u00a0posterior de su muslo derecho. <strong>Su lugar lo volver\u00e1 a ocupar Jon\u00e1s Guti\u00e9rrez<\/strong>.<\/p>\n<p>De esta manera, el once que par\u00f3 el DT form\u00f3 con <b>Mart\u00edn Campa\u00f1a; Guti\u00e9rrez, Alan Franco, Nicol\u00e1s Tagliafico, Juan S\u00e1nchez Mi\u00f1o; Nicol\u00e1s Domingo, Torito Rodr\u00edguez; Maximiliano Meza, Walter Erviti, Mart\u00edn Ben\u00edtez; Leandro Fern\u00e1ndez<\/b>.<\/p>\n<p>Si bien el t\u00e9cnico esperar\u00e1 hasta \u00faltima hora de ma\u00f1ana para confirmar el equipo no se descarta la posibilidad de que haya otra variante. Esta ma\u00f1ana <b>Emmanuel Gigliotti ingres\u00f3 por Erviti, pas\u00f3 a jugar de centrodelantero y Fern\u00e1ndez tom\u00f3 el lugar del ex Banfield<\/b>. \u00bfQu\u00e9 har\u00e1 finalmente Holan?<\/p>\n","protected":false},"excerpt":{"rendered":"<p>El plantel de Independiente se entren\u00f3 por \u00faltima vez este viernes en Mendoza a la espera del encuentro ante Godoy Cruz por la cuarta fecha de la Superliga y Ariel Holan par\u00f3 un equipo similar al que qued\u00f3 eliminado en\u00a0la Copa Argentina. Luego de realizar la habitual entrada en calor y una serie de ejercicios [&hellip;]<\/p>\n","protected":false},"author":19,"featured_media":72356,"comment_status":"open","ping_status":"closed","sticky":false,"template":"","format":"standard","meta":{"_links_to":"","_links_to_target":""},"categories":[3247,3],"tags":[3235,26,3371],"_links":{"self":[{"href":"https:\/\/www.locoxelrojo.com\/independiente\/wp-json\/wp\/v2\/posts\/72878"}],"collection":[{"href":"https:\/\/www.locoxelrojo.com\/independiente\/wp-json\/wp\/v2\/posts"}],"about":[{"href":"https:\/\/www.locoxelrojo.com\/independiente\/wp-json\/wp\/v2\/types\/post"}],"author":[{"embeddable":true,"href":"https:\/\/www.locoxelrojo.com\/independiente\/wp-json\/wp\/v2\/users\/19"}],"replies":[{"embeddable":true,"href":"https:\/\/www.locoxelrojo.com\/independiente\/wp-json\/wp\/v2\/comments?post=72878"}],"version-history":[{"count":0,"href":"https:\/\/www.locoxelrojo.com\/independiente\/wp-json\/wp\/v2\/posts\/72878\/revisions"}],"wp:featuredmedia":[{"embeddable":true,"href":"https:\/\/www.locoxelrojo.com\/independiente\/wp-json\/wp\/v2\/media\/72356"}],"wp:attachment":[{"href":"https:\/\/www.locoxelrojo.com\/independiente\/wp-json\/wp\/v2\/media?parent=72878"}],"wp:term":[{"taxonomy":"category","embeddable":true,"href":"https:\/\/www.locoxelrojo.com\/independiente\/wp-json\/wp\/v2\/categories?post=72878"},{"taxonomy":"post_tag","embeddable":true,"href":"https:\/\/www.locoxelrojo.com\/independiente\/wp-json\/wp\/v2\/tags?post=72878"}],"curies":[{"name":"wp","href":"https:\/\/api.w.org\/{rel}","templated":true}]}}