{"id":72965,"date":"2017-09-26T14:33:34","date_gmt":"2017-09-26T17:33:34","guid":{"rendered":"http:\/\/www.locoxelrojo.com\/independiente\/?p=72965"},"modified":"2017-09-26T14:33:34","modified_gmt":"2017-09-26T17:33:34","slug":"campana-no-arrancamos-bien-no-dramatizar","status":"publish","type":"post","link":"https:\/\/www.locoxelrojo.com\/independiente\/2017\/09\/26\/campana-no-arrancamos-bien-no-dramatizar\/","title":{"rendered":"Campa\u00f1a: &#8220;No arrancamos bien, pero no hay que dramatizar&#8221;"},"content":{"rendered":"<p>Mart\u00edn Campa\u00f1a habl\u00f3 en conferencia de prensa <a href=\"https:\/\/www.locoxelrojo.com\/independiente\/2017\/09\/26\/mejorar-la-punteria\/\">al t\u00e9rmino de la pr\u00e1ctica de este martes<\/a>. <strong>El arquero se refiri\u00f3 a los arbitrajes y dej\u00f3 en claro que si bien el arranque no fue bueno, no hay que dramatizar tanto.<\/strong><\/p>\n<p><strong>&#8220;No tuvimos una buena semana en Mendoza. Por la Copa Argentina jugamos mal y contra Godoy Cruz no jugamos de la misma manera&#8221;<\/strong>, dijo el uruguayo. <strong>&#8220;Nos est\u00e1 faltando el \u00faltimo pase y la tranquilidad que ten\u00edamos en los partidos anteriores. No hay que dramatizar tampoco. El torneo no lo arrancamos de la mejor forma y hay que afianzarse. Confiamos en nuestro equipo para salir de \u00e9sta situaci\u00f3n&#8221;<\/strong>, agreg\u00f3.<\/p>\n<p><strong>&#8220;El torneo es largo igual, tenemos que seguir sumando puntos y empezar a ganar. El juego y la actitud est\u00e1n. Si tengo que ponerle un t\u00edtulo a \u00e9ste momento es: no arrancamos bien. Pero esto es largo y hay que seguir trabajando&#8221;<\/strong>, sostuvo.<\/p>\n<p>Luego, mencion\u00f3 <a href=\"https:\/\/www.locoxelrojo.com\/independiente\/2017\/09\/26\/le-pasa-barco\/\">el presente que est\u00e1 atravesando Ezequiel Barco<\/a>: <strong>&#8220;No le est\u00e1n saliendo las cosas como \u00e9l quiere, como a nosotros. Tenemos una revancha el domingo&#8221;<\/strong>.<\/p>\n<p>Para finalizar, le puso pa\u00f1os fr\u00edos a la pol\u00e9mica sobre los \u00e1rbitros y el penal en contra del \u00faltimo fin de semana: <strong>&#8220;Obviamente no fue, eso est\u00e1 claro. Lo peor es que lo pagamos caro, perdimos tres puntos con un penal inexistente. Yo personalmente creo en la buena voluntad de los \u00e1rbitros por hacer bien su trabajo, no creo que cobren algo de mala fe&#8221;<\/strong>.<\/p>\n","protected":false},"excerpt":{"rendered":"<p>Mart\u00edn Campa\u00f1a habl\u00f3 en conferencia de prensa al t\u00e9rmino de la pr\u00e1ctica de este martes. El arquero se refiri\u00f3 a los arbitrajes y dej\u00f3 en claro que si bien el arranque no fue bueno, no hay que dramatizar tanto. &#8220;No tuvimos una buena semana en Mendoza. Por la Copa Argentina jugamos mal y contra Godoy [&hellip;]<\/p>\n","protected":false},"author":1,"featured_media":72966,"comment_status":"open","ping_status":"closed","sticky":false,"template":"","format":"standard","meta":{"_links_to":"","_links_to_target":""},"categories":[3247,3],"tags":[3126],"_links":{"self":[{"href":"https:\/\/www.locoxelrojo.com\/independiente\/wp-json\/wp\/v2\/posts\/72965"}],"collection":[{"href":"https:\/\/www.locoxelrojo.com\/independiente\/wp-json\/wp\/v2\/posts"}],"about":[{"href":"https:\/\/www.locoxelrojo.com\/independiente\/wp-json\/wp\/v2\/types\/post"}],"author":[{"embeddable":true,"href":"https:\/\/www.locoxelrojo.com\/independiente\/wp-json\/wp\/v2\/users\/1"}],"replies":[{"embeddable":true,"href":"https:\/\/www.locoxelrojo.com\/independiente\/wp-json\/wp\/v2\/comments?post=72965"}],"version-history":[{"count":0,"href":"https:\/\/www.locoxelrojo.com\/independiente\/wp-json\/wp\/v2\/posts\/72965\/revisions"}],"wp:featuredmedia":[{"embeddable":true,"href":"https:\/\/www.locoxelrojo.com\/independiente\/wp-json\/wp\/v2\/media\/72966"}],"wp:attachment":[{"href":"https:\/\/www.locoxelrojo.com\/independiente\/wp-json\/wp\/v2\/media?parent=72965"}],"wp:term":[{"taxonomy":"category","embeddable":true,"href":"https:\/\/www.locoxelrojo.com\/independiente\/wp-json\/wp\/v2\/categories?post=72965"},{"taxonomy":"post_tag","embeddable":true,"href":"https:\/\/www.locoxelrojo.com\/independiente\/wp-json\/wp\/v2\/tags?post=72965"}],"curies":[{"name":"wp","href":"https:\/\/api.w.org\/{rel}","templated":true}]}}