{"id":72970,"date":"2017-09-26T21:40:45","date_gmt":"2017-09-27T00:40:45","guid":{"rendered":"http:\/\/www.locoxelrojo.com\/independiente\/?p=72970"},"modified":"2017-09-26T21:52:33","modified_gmt":"2017-09-27T00:52:33","slug":"holan-suponemos-silva-estara-habilitado-viernes","status":"publish","type":"post","link":"https:\/\/www.locoxelrojo.com\/independiente\/2017\/09\/26\/holan-suponemos-silva-estara-habilitado-viernes\/","title":{"rendered":"Holan: &#8220;Suponemos que Silva estar\u00e1 habilitado para el viernes&#8221;"},"content":{"rendered":"<p><strong>Ariel Holan<\/strong> dialog\u00f3 con el programa radial <em>Un Buen Momento<\/em>\u00a0y\u00a0dio su opini\u00f3n acerca del rendimiento que viene teniendo Independiente. <strong>&#8220;Esta semana fue muy dura. Tuvimos altibajos en los rendimientos. La derrota me ocupa y me preocupa para encontrar el mejor equipo&#8221;<\/strong>, afirm\u00f3.<\/p>\n<p>En base a la rotaci\u00f3n por la seguidilla de partidos, Holan declar\u00f3:<strong> &#8220;Uno trata de evitar riesgos f\u00edsicos pero da\u00f1a la estructura del equipo, uno hace autocr\u00edtica en sus decisiones. Pero tambi\u00e9n estamos sufriendo el acomodamiento de algunos jugadores que se fueron&#8221;<\/strong>.<\/p>\n<p>Al ser consultado por la situaci\u00f3n del \u00faltimo refuerzo, el entrenador explic\u00f3:<strong> &#8220;Suponemos que Silva estar\u00e1 habilitado para el viernes&#8221;<\/strong>. Y debido a la habilitaci\u00f3n del uruguayo, coment\u00f3 sobre la posici\u00f3n que ocupar\u00e1 Nicol\u00e1s Tagliafico:<strong> &#8220;\u00c9l quiere jugar de lateral, nos dio una mano muy grande, pero su posici\u00f3n natural es ser lateral&#8221;<\/strong>.<\/p>\n<p>El ex Defensa y Justicia opin\u00f3 acerca de la inclusi\u00f3n de Walter Erviti en el once titular, decisi\u00f3n algo resistida por los hinchas: <strong>&#8220;Walter nos puede aportar ese equilibrio. A veces cuando el partido exige m\u00e1s verticalidad se le complica un poco, pero hay que entender que en un partido hay momentos y momentos&#8221;<\/strong>.<\/p>\n<p>Finalmente, se refiri\u00f3 a las pol\u00e9micas declaraciones de Germ\u00e1n Denis d\u00edas atr\u00e1s acerca de su salida del Independiente.\u00a0<strong>&#8220;Prefiero dejarlo ac\u00e1, nadie que crea seria esta instituci\u00f3n creer\u00eda sus declaraciones&#8221;<\/strong>, cerr\u00f3.<\/p>\n","protected":false},"excerpt":{"rendered":"<p>Ariel Holan dialog\u00f3 con el programa radial Un Buen Momento\u00a0y\u00a0dio su opini\u00f3n acerca del rendimiento que viene teniendo Independiente. &#8220;Esta semana fue muy dura. Tuvimos altibajos en los rendimientos. La derrota me ocupa y me preocupa para encontrar el mejor equipo&#8221;, afirm\u00f3. En base a la rotaci\u00f3n por la seguidilla de partidos, Holan declar\u00f3: &#8220;Uno [&hellip;]<\/p>\n","protected":false},"author":24,"featured_media":70461,"comment_status":"open","ping_status":"closed","sticky":false,"template":"","format":"standard","meta":{"_links_to":"","_links_to_target":""},"categories":[3247,3],"tags":[2998],"_links":{"self":[{"href":"https:\/\/www.locoxelrojo.com\/independiente\/wp-json\/wp\/v2\/posts\/72970"}],"collection":[{"href":"https:\/\/www.locoxelrojo.com\/independiente\/wp-json\/wp\/v2\/posts"}],"about":[{"href":"https:\/\/www.locoxelrojo.com\/independiente\/wp-json\/wp\/v2\/types\/post"}],"author":[{"embeddable":true,"href":"https:\/\/www.locoxelrojo.com\/independiente\/wp-json\/wp\/v2\/users\/24"}],"replies":[{"embeddable":true,"href":"https:\/\/www.locoxelrojo.com\/independiente\/wp-json\/wp\/v2\/comments?post=72970"}],"version-history":[{"count":0,"href":"https:\/\/www.locoxelrojo.com\/independiente\/wp-json\/wp\/v2\/posts\/72970\/revisions"}],"wp:featuredmedia":[{"embeddable":true,"href":"https:\/\/www.locoxelrojo.com\/independiente\/wp-json\/wp\/v2\/media\/70461"}],"wp:attachment":[{"href":"https:\/\/www.locoxelrojo.com\/independiente\/wp-json\/wp\/v2\/media?parent=72970"}],"wp:term":[{"taxonomy":"category","embeddable":true,"href":"https:\/\/www.locoxelrojo.com\/independiente\/wp-json\/wp\/v2\/categories?post=72970"},{"taxonomy":"post_tag","embeddable":true,"href":"https:\/\/www.locoxelrojo.com\/independiente\/wp-json\/wp\/v2\/tags?post=72970"}],"curies":[{"name":"wp","href":"https:\/\/api.w.org\/{rel}","templated":true}]}}