{"id":72977,"date":"2017-09-27T20:19:33","date_gmt":"2017-09-27T23:19:33","guid":{"rendered":"http:\/\/www.locoxelrojo.com\/independiente\/?p=72977"},"modified":"2017-09-27T20:19:33","modified_gmt":"2017-09-27T23:19:33","slug":"esperan-por-bustos","status":"publish","type":"post","link":"https:\/\/www.locoxelrojo.com\/independiente\/2017\/09\/27\/esperan-por-bustos\/","title":{"rendered":"Esperan por Bustos"},"content":{"rendered":"<p>El plantel de Independiente contin\u00faa con su preparaci\u00f3n en Villa Dom\u00ednico de cara al partido ante V\u00e9lez, en el que intentar\u00e1 cortar la racha de tres derrotas al hilo.<\/p>\n<p>Este mi\u00e9rcoles por la ma\u00f1ana, <strong>Ariel Holan organiz\u00f3 una pr\u00e1ctica de f\u00fatbol informal, prob\u00f3 un equipo para recibir al Fort\u00edn. Por la cabeza del entrenador pasa la idea de cambiar de esquema, pero todo depende de que llegue la habilitaci\u00f3n de Gast\u00f3n Silva<\/strong>, el \u00fanico refuerzo que a\u00fan no sum\u00f3 minutos.<\/p>\n<p>El cuerpo t\u00e9cnico espera <a href=\"https:\/\/www.locoxelrojo.com\/independiente\/2017\/09\/26\/holan-suponemos-silva-estara-habilitado-viernes\/\">que la habilitaci\u00f3n llegue para este viernes<\/a>.<\/p>\n<p>Por su parte, <strong>Bustos no est\u00e1 totalmente recuperado de su contractura en el muslo izquierdo. Si bien evoluciona favorablemente y responde bien a los trabajos de campo, est\u00e1 en duda para el domingo<\/strong>. Si no llega en condiciones, volver\u00eda a reemplazarlo Jon\u00e1s Guti\u00e9rrez.<\/p>\n","protected":false},"excerpt":{"rendered":"<p>El plantel de Independiente contin\u00faa con su preparaci\u00f3n en Villa Dom\u00ednico de cara al partido ante V\u00e9lez, en el que intentar\u00e1 cortar la racha de tres derrotas al hilo. Este mi\u00e9rcoles por la ma\u00f1ana, Ariel Holan organiz\u00f3 una pr\u00e1ctica de f\u00fatbol informal, prob\u00f3 un equipo para recibir al Fort\u00edn. Por la cabeza del entrenador pasa [&hellip;]<\/p>\n","protected":false},"author":8,"featured_media":72979,"comment_status":"open","ping_status":"closed","sticky":false,"template":"","format":"standard","meta":{"_links_to":"","_links_to_target":""},"categories":[3247,3],"tags":[2998,26,1027,3557,172],"_links":{"self":[{"href":"https:\/\/www.locoxelrojo.com\/independiente\/wp-json\/wp\/v2\/posts\/72977"}],"collection":[{"href":"https:\/\/www.locoxelrojo.com\/independiente\/wp-json\/wp\/v2\/posts"}],"about":[{"href":"https:\/\/www.locoxelrojo.com\/independiente\/wp-json\/wp\/v2\/types\/post"}],"author":[{"embeddable":true,"href":"https:\/\/www.locoxelrojo.com\/independiente\/wp-json\/wp\/v2\/users\/8"}],"replies":[{"embeddable":true,"href":"https:\/\/www.locoxelrojo.com\/independiente\/wp-json\/wp\/v2\/comments?post=72977"}],"version-history":[{"count":0,"href":"https:\/\/www.locoxelrojo.com\/independiente\/wp-json\/wp\/v2\/posts\/72977\/revisions"}],"wp:featuredmedia":[{"embeddable":true,"href":"https:\/\/www.locoxelrojo.com\/independiente\/wp-json\/wp\/v2\/media\/72979"}],"wp:attachment":[{"href":"https:\/\/www.locoxelrojo.com\/independiente\/wp-json\/wp\/v2\/media?parent=72977"}],"wp:term":[{"taxonomy":"category","embeddable":true,"href":"https:\/\/www.locoxelrojo.com\/independiente\/wp-json\/wp\/v2\/categories?post=72977"},{"taxonomy":"post_tag","embeddable":true,"href":"https:\/\/www.locoxelrojo.com\/independiente\/wp-json\/wp\/v2\/tags?post=72977"}],"curies":[{"name":"wp","href":"https:\/\/api.w.org\/{rel}","templated":true}]}}