{"id":73022,"date":"2017-09-29T14:12:27","date_gmt":"2017-09-29T17:12:27","guid":{"rendered":"http:\/\/www.locoxelrojo.com\/independiente\/?p=73022"},"modified":"2017-09-29T14:16:14","modified_gmt":"2017-09-29T17:16:14","slug":"solo-dos-cambios-recibir-velez","status":"publish","type":"post","link":"https:\/\/www.locoxelrojo.com\/independiente\/2017\/09\/29\/solo-dos-cambios-recibir-velez\/","title":{"rendered":"\u00bfS\u00f3lo dos cambios para recibir a V\u00e9lez?"},"content":{"rendered":"<p>El plantel de Independiente se entren\u00f3 este viernes\u00a0en el predio de Villa Dom\u00ednico con la mente puesta el partido del pr\u00f3ximo domingo\u00a0ante V\u00e9lez.<\/p>\n<p>Luego de la pr\u00e1ctica de esta ma\u00f1ana, que incluy\u00f3 <strong>trabajos f\u00edsicos, f\u00fatbol t\u00e9cnico-t\u00e1ctico y pelota parada<\/strong>, Ariel Holan comenz\u00f3 a diagramar algunas modificaciones en el once titular para recibir al Fort\u00edn.<\/p>\n<p>Si bien a\u00fan no est\u00e1n los once confirmados, <strong>el ingreso de Gast\u00f3n Silva como segundo marcador central es casi un hecho<\/strong>. Nicol\u00e1s Tagliafico volver\u00eda a su posici\u00f3n natural y Juan S\u00e1nchez Mi\u00f1o pasar\u00eda a jugar como volante izquierdo. De esta manera,\u00a0<strong>Emmanuel Gigliotti saldr\u00eda del equipo<\/strong>.\u00a0<strong>El segundo cambio es el ingreso de Mart\u00edn Ben\u00edtez por Walter Erviti<\/strong>.<\/p>\n<p>El resto se mantiene igual salvo el retorno de <strong>Fabricio Bustos, quien hoy trabaj\u00f3 diferenciado nuevamente, y\u00a0<\/strong><strong>la aparici\u00f3n de Juan Manuel Mart\u00ednez<\/strong>,\u00a0elogiado hoy por el t\u00e9cnico en conferencia de prensa.<\/p>\n<p>De esta manera, los once nombres que maneja Holan para el domingo son: <strong>Mart\u00edn Campa\u00f1a; Jon\u00e1s Guti\u00e9rrez, Alan Franco, Silva, Tagliafico; Nicol\u00e1s Domingo, Diego Rodr\u00edguez Berrini; Ben\u00edtez, Maximiliano Meza, S\u00e1nchez Mi\u00f1o; Leandro Fern\u00e1ndez<\/strong>.<\/p>\n","protected":false},"excerpt":{"rendered":"<p>El plantel de Independiente se entren\u00f3 este viernes\u00a0en el predio de Villa Dom\u00ednico con la mente puesta el partido del pr\u00f3ximo domingo\u00a0ante V\u00e9lez. Luego de la pr\u00e1ctica de esta ma\u00f1ana, que incluy\u00f3 trabajos f\u00edsicos, f\u00fatbol t\u00e9cnico-t\u00e1ctico y pelota parada, Ariel Holan comenz\u00f3 a diagramar algunas modificaciones en el once titular para recibir al Fort\u00edn. Si [&hellip;]<\/p>\n","protected":false},"author":19,"featured_media":73023,"comment_status":"open","ping_status":"closed","sticky":false,"template":"","format":"standard","meta":{"_links_to":"","_links_to_target":""},"categories":[3247,3],"tags":[26,1683],"_links":{"self":[{"href":"https:\/\/www.locoxelrojo.com\/independiente\/wp-json\/wp\/v2\/posts\/73022"}],"collection":[{"href":"https:\/\/www.locoxelrojo.com\/independiente\/wp-json\/wp\/v2\/posts"}],"about":[{"href":"https:\/\/www.locoxelrojo.com\/independiente\/wp-json\/wp\/v2\/types\/post"}],"author":[{"embeddable":true,"href":"https:\/\/www.locoxelrojo.com\/independiente\/wp-json\/wp\/v2\/users\/19"}],"replies":[{"embeddable":true,"href":"https:\/\/www.locoxelrojo.com\/independiente\/wp-json\/wp\/v2\/comments?post=73022"}],"version-history":[{"count":0,"href":"https:\/\/www.locoxelrojo.com\/independiente\/wp-json\/wp\/v2\/posts\/73022\/revisions"}],"wp:featuredmedia":[{"embeddable":true,"href":"https:\/\/www.locoxelrojo.com\/independiente\/wp-json\/wp\/v2\/media\/73023"}],"wp:attachment":[{"href":"https:\/\/www.locoxelrojo.com\/independiente\/wp-json\/wp\/v2\/media?parent=73022"}],"wp:term":[{"taxonomy":"category","embeddable":true,"href":"https:\/\/www.locoxelrojo.com\/independiente\/wp-json\/wp\/v2\/categories?post=73022"},{"taxonomy":"post_tag","embeddable":true,"href":"https:\/\/www.locoxelrojo.com\/independiente\/wp-json\/wp\/v2\/tags?post=73022"}],"curies":[{"name":"wp","href":"https:\/\/api.w.org\/{rel}","templated":true}]}}