{"id":73025,"date":"2017-09-29T14:41:37","date_gmt":"2017-09-29T17:41:37","guid":{"rendered":"http:\/\/www.locoxelrojo.com\/independiente\/?p=73025"},"modified":"2017-09-29T14:41:37","modified_gmt":"2017-09-29T17:41:37","slug":"holan-no-me-preocupa-tema-la-eficacia","status":"publish","type":"post","link":"https:\/\/www.locoxelrojo.com\/independiente\/2017\/09\/29\/holan-no-me-preocupa-tema-la-eficacia\/","title":{"rendered":"Holan: &#8220;No me preocupa el tema de la eficacia&#8221;"},"content":{"rendered":"<p><a href=\"https:\/\/www.locoxelrojo.com\/independiente\/2017\/09\/29\/solo-dos-cambios-recibir-velez\/\">Luego del entrenamiento de esta ma\u00f1ana<\/a>, <strong>Ariel Holan<\/strong> dialog\u00f3 en conferencia de prensa y dej\u00f3 en claro que el tema de la eficacia es\u00a0una cuesti\u00f3n a trabajar y no una cuesti\u00f3n que le quite el sue\u00f1o. <strong>&#8220;Me preocupar\u00eda si no gener\u00e1ramos. El tema es convertir&#8221;<\/strong>, desliz\u00f3.<\/p>\n<p><strong>&#8220;Hay que ajustar\u00a0y mejorar el tema de la eficacia.\u00a0Generamos muchas situaciones pero no convertimos. Me ocupa, no me preocupa el tema. Me preocupar\u00eda si no gener\u00e1ramos, eso lo tenemos siempre. El tema es convertirlas&#8221;<\/strong>, analiz\u00f3 el entrenador.<\/p>\n<p>En relaci\u00f3n a este punto, Holan agreg\u00f3: <strong>&#8220;Me preocupar\u00eda si en la suma de partidos no hubi\u00e9ramos sido contundentes. Pero lo hemos sido. A veces no ten\u00e9s la misma frescura. Hay que ver si el problema estuvo en la elaboraci\u00f3n o en la \u00faltima jugada&#8221;<\/strong>.<\/p>\n<p>El rival del pr\u00f3ximo domingo ser\u00e1 una buena prueba para el Rojo para recuperarse y al respecto, el DT se\u00f1al\u00f3:\u00a0<strong>&#8220;Va a ser un partido dur\u00edsimo, muy f\u00edsico. Hay que cuidarse de la pelota parada y del contragolpe&#8221;<\/strong>.<\/p>\n<p>A la hora de opinar respecto de la situaci\u00f3n de Fabricio Bustos fue cauto y reconoci\u00f3 que no lo quiere arriesgar. <strong>&#8220;Para nosotros es un futbolista de enorme importancia. Queremos que se recupere y no queremos apurarlo. Ma\u00f1ana probaremos m\u00e1s profundamente, pero lo m\u00e1s probable es que est\u00e9 para despu\u00e9s del receso&#8221;<\/strong>, indic\u00f3.<\/p>\n<p>Por \u00faltimo se refiri\u00f3 al posible ingreso de Gast\u00f3n Silva al equipo: <strong>&#8220;Est\u00e1 habilitado y lo voy a tener en cuenta para el partido. Es un gran futbolista, es polifuncional y ha hecho un gran esfuerzo para estar en Independiente&#8221;<\/strong>.<\/p>\n","protected":false},"excerpt":{"rendered":"<p>Luego del entrenamiento de esta ma\u00f1ana, Ariel Holan dialog\u00f3 en conferencia de prensa y dej\u00f3 en claro que el tema de la eficacia es\u00a0una cuesti\u00f3n a trabajar y no una cuesti\u00f3n que le quite el sue\u00f1o. &#8220;Me preocupar\u00eda si no gener\u00e1ramos. El tema es convertir&#8221;, desliz\u00f3. &#8220;Hay que ajustar\u00a0y mejorar el tema de la eficacia.\u00a0Generamos [&hellip;]<\/p>\n","protected":false},"author":19,"featured_media":70052,"comment_status":"open","ping_status":"closed","sticky":false,"template":"","format":"standard","meta":{"_links_to":"","_links_to_target":""},"categories":[3247,3],"tags":[2998],"_links":{"self":[{"href":"https:\/\/www.locoxelrojo.com\/independiente\/wp-json\/wp\/v2\/posts\/73025"}],"collection":[{"href":"https:\/\/www.locoxelrojo.com\/independiente\/wp-json\/wp\/v2\/posts"}],"about":[{"href":"https:\/\/www.locoxelrojo.com\/independiente\/wp-json\/wp\/v2\/types\/post"}],"author":[{"embeddable":true,"href":"https:\/\/www.locoxelrojo.com\/independiente\/wp-json\/wp\/v2\/users\/19"}],"replies":[{"embeddable":true,"href":"https:\/\/www.locoxelrojo.com\/independiente\/wp-json\/wp\/v2\/comments?post=73025"}],"version-history":[{"count":0,"href":"https:\/\/www.locoxelrojo.com\/independiente\/wp-json\/wp\/v2\/posts\/73025\/revisions"}],"wp:featuredmedia":[{"embeddable":true,"href":"https:\/\/www.locoxelrojo.com\/independiente\/wp-json\/wp\/v2\/media\/70052"}],"wp:attachment":[{"href":"https:\/\/www.locoxelrojo.com\/independiente\/wp-json\/wp\/v2\/media?parent=73025"}],"wp:term":[{"taxonomy":"category","embeddable":true,"href":"https:\/\/www.locoxelrojo.com\/independiente\/wp-json\/wp\/v2\/categories?post=73025"},{"taxonomy":"post_tag","embeddable":true,"href":"https:\/\/www.locoxelrojo.com\/independiente\/wp-json\/wp\/v2\/tags?post=73025"}],"curies":[{"name":"wp","href":"https:\/\/api.w.org\/{rel}","templated":true}]}}