{"id":73026,"date":"2017-09-29T14:59:01","date_gmt":"2017-09-29T17:59:01","guid":{"rendered":"http:\/\/www.locoxelrojo.com\/independiente\/?p=73026"},"modified":"2017-09-29T14:59:01","modified_gmt":"2017-09-29T17:59:01","slug":"mensaje-tranquilidad-del-kun-aguero","status":"publish","type":"post","link":"https:\/\/www.locoxelrojo.com\/independiente\/2017\/09\/29\/mensaje-tranquilidad-del-kun-aguero\/","title":{"rendered":"El mensaje de tranquilidad del Kun Ag\u00fcero"},"content":{"rendered":"<p><a href=\"https:\/\/www.locoxelrojo.com\/independiente\/2017\/09\/28\/se-accidento-kun-aguero\/\">Luego del susto que provoc\u00f3 el accidente de anoche camino al aeropuerto de Amsterdam<\/a>, <strong>Sergio Ag\u00fcero le llev\u00f3 tranquilidad a todos a trav\u00e9s de un mensaje en las redes sociales<\/strong>.<\/p>\n<p>En su cuenta oficial de Twitter, el exdelantero\u00a0de Independiente subi\u00f3 una foto y escribi\u00f3: <strong>&#8220;Estoy dolorido pero bien y ya con toda mis fuerzas pensando en la recuperaci\u00f3n. Gracias a todos!&#8221;<\/strong>.<\/p>\n<blockquote class=\"twitter-tweet\" data-lang=\"es\">\n<p dir=\"ltr\" lang=\"es\">Estoy dolorido pero bien y ya con toda mis fuerzas pensando en la recuperaci\u00f3n. Gracias a todos! <a href=\"https:\/\/t.co\/UK4NQwICNK\">pic.twitter.com\/UK4NQwICNK<\/a><\/p>\n<p>\u2014 Sergio Kun Aguero (@aguerosergiokun) <a href=\"https:\/\/twitter.com\/aguerosergiokun\/status\/913822411107307520?ref_src=twsrc%5Etfw\">29 de septiembre de 2017<\/a><\/p><\/blockquote>\n<p><script async src=\"\/\/platform.twitter.com\/widgets.js\" charset=\"utf-8\"><\/script><\/p>\n<p>A partir de ahora, el Kun, quien ya se encuentra en Manchester, deber\u00e1 afrontar una recuperaci\u00f3n que le demandar\u00e1 dos meses de inactividad. <strong>Su regreso est\u00e1 previsto para los primeros d\u00edas de diciembre<\/strong>. \u00a1Fuerza, Kun!<\/p>\n","protected":false},"excerpt":{"rendered":"<p>Luego del susto que provoc\u00f3 el accidente de anoche camino al aeropuerto de Amsterdam, Sergio Ag\u00fcero le llev\u00f3 tranquilidad a todos a trav\u00e9s de un mensaje en las redes sociales. En su cuenta oficial de Twitter, el exdelantero\u00a0de Independiente subi\u00f3 una foto y escribi\u00f3: &#8220;Estoy dolorido pero bien y ya con toda mis fuerzas pensando [&hellip;]<\/p>\n","protected":false},"author":19,"featured_media":73027,"comment_status":"open","ping_status":"closed","sticky":false,"template":"","format":"standard","meta":{"_links_to":"","_links_to_target":""},"categories":[3247,3363],"tags":[3452,143,538],"_links":{"self":[{"href":"https:\/\/www.locoxelrojo.com\/independiente\/wp-json\/wp\/v2\/posts\/73026"}],"collection":[{"href":"https:\/\/www.locoxelrojo.com\/independiente\/wp-json\/wp\/v2\/posts"}],"about":[{"href":"https:\/\/www.locoxelrojo.com\/independiente\/wp-json\/wp\/v2\/types\/post"}],"author":[{"embeddable":true,"href":"https:\/\/www.locoxelrojo.com\/independiente\/wp-json\/wp\/v2\/users\/19"}],"replies":[{"embeddable":true,"href":"https:\/\/www.locoxelrojo.com\/independiente\/wp-json\/wp\/v2\/comments?post=73026"}],"version-history":[{"count":0,"href":"https:\/\/www.locoxelrojo.com\/independiente\/wp-json\/wp\/v2\/posts\/73026\/revisions"}],"wp:featuredmedia":[{"embeddable":true,"href":"https:\/\/www.locoxelrojo.com\/independiente\/wp-json\/wp\/v2\/media\/73027"}],"wp:attachment":[{"href":"https:\/\/www.locoxelrojo.com\/independiente\/wp-json\/wp\/v2\/media?parent=73026"}],"wp:term":[{"taxonomy":"category","embeddable":true,"href":"https:\/\/www.locoxelrojo.com\/independiente\/wp-json\/wp\/v2\/categories?post=73026"},{"taxonomy":"post_tag","embeddable":true,"href":"https:\/\/www.locoxelrojo.com\/independiente\/wp-json\/wp\/v2\/tags?post=73026"}],"curies":[{"name":"wp","href":"https:\/\/api.w.org\/{rel}","templated":true}]}}