{"id":73160,"date":"2017-10-06T10:11:22","date_gmt":"2017-10-06T13:11:22","guid":{"rendered":"http:\/\/www.locoxelrojo.com\/independiente\/?p=73160"},"modified":"2017-10-06T14:57:38","modified_gmt":"2017-10-06T17:57:38","slug":"sin-minutos-los-uruguayos","status":"publish","type":"post","link":"https:\/\/www.locoxelrojo.com\/independiente\/2017\/10\/06\/sin-minutos-los-uruguayos\/","title":{"rendered":"Sin minutos para los uruguayos"},"content":{"rendered":"<p><strong>Mart\u00edn Campa\u00f1a y Gast\u00f3n Silva<\/strong>,\u00a0quienes hab\u00edan sido convocados para la selecci\u00f3n de Uruguay, <strong>no jugaron ayer en el encuentro que finaliz\u00f3 0-0 ante Venezuela<\/strong>.<\/p>\n<p>Para el encuentro que pudo clasificar al elenco charr\u00faa al Mundial de Rusia 2018, <strong>Oscar Tab\u00e1rez dispuso un equipo sin los dos futbolistas de Independiente entre el once inicial<\/strong>. Y en el complemento, el t\u00e9cnico\u00a0utiliz\u00f3 los tres cambios para\u00a0cambiar el aire de los mediocampistas.<\/p>\n<p>De esta manera,\u00a0ni Campa\u00f1a ni Silva tuvieron rodaje en Venezuela. <strong>El arquero a\u00fan no\u00a0jug\u00f3 en estas Eliminatorias y el defensor acumula nueve partidos -ocho como titular-<\/strong>.<\/p>\n<p>Quien s\u00ed jug\u00f3, y de titular, fue <strong>Cristian Rodr\u00edguez<\/strong>. El ex Independiente complet\u00f3 65 minutos y<strong>\u00a0lleg\u00f3 a los 100 partidos con la selecci\u00f3n uruguaya<\/strong>. De esta manera se convierte en el cuarto futbolista en la historia de su pa\u00eds en alcanzar esa cifra.<\/p>\n<blockquote class=\"twitter-tweet\" data-lang=\"es\">\n<p dir=\"ltr\" lang=\"es\"><a href=\"https:\/\/twitter.com\/hashtag\/VENURU?src=hash&amp;ref_src=twsrc%5Etfw\">#VENURU<\/a> | Im\u00e1genes de <a href=\"https:\/\/twitter.com\/Cebo_Rodriguez?ref_src=twsrc%5Etfw\">@Cebo_Rodriguez<\/a> en su partido n\u00famero 100 con la selecci\u00f3n mayor de <a href=\"https:\/\/twitter.com\/Uruguay?ref_src=twsrc%5Etfw\">@Uruguay<\/a>. <a href=\"https:\/\/t.co\/21leegruEQ\">pic.twitter.com\/21leegruEQ<\/a><\/p>\n<p>\u2014 Selecci\u00f3n Uruguaya (@Uruguay) <a href=\"https:\/\/twitter.com\/Uruguay\/status\/916050340629291008?ref_src=twsrc%5Etfw\">5 de octubre de 2017<\/a><\/p><\/blockquote>\n<p><script async src=\"\/\/platform.twitter.com\/widgets.js\" charset=\"utf-8\"><\/script><\/p>\n","protected":false},"excerpt":{"rendered":"<p>Mart\u00edn Campa\u00f1a y Gast\u00f3n Silva,\u00a0quienes hab\u00edan sido convocados para la selecci\u00f3n de Uruguay, no jugaron ayer en el encuentro que finaliz\u00f3 0-0 ante Venezuela. Para el encuentro que pudo clasificar al elenco charr\u00faa al Mundial de Rusia 2018, Oscar Tab\u00e1rez dispuso un equipo sin los dos futbolistas de Independiente entre el once inicial. Y en [&hellip;]<\/p>\n","protected":false},"author":19,"featured_media":73169,"comment_status":"open","ping_status":"closed","sticky":false,"template":"","format":"standard","meta":{"_links_to":"","_links_to_target":""},"categories":[3280,3247],"tags":[3557,3126,3654,929],"_links":{"self":[{"href":"https:\/\/www.locoxelrojo.com\/independiente\/wp-json\/wp\/v2\/posts\/73160"}],"collection":[{"href":"https:\/\/www.locoxelrojo.com\/independiente\/wp-json\/wp\/v2\/posts"}],"about":[{"href":"https:\/\/www.locoxelrojo.com\/independiente\/wp-json\/wp\/v2\/types\/post"}],"author":[{"embeddable":true,"href":"https:\/\/www.locoxelrojo.com\/independiente\/wp-json\/wp\/v2\/users\/19"}],"replies":[{"embeddable":true,"href":"https:\/\/www.locoxelrojo.com\/independiente\/wp-json\/wp\/v2\/comments?post=73160"}],"version-history":[{"count":0,"href":"https:\/\/www.locoxelrojo.com\/independiente\/wp-json\/wp\/v2\/posts\/73160\/revisions"}],"wp:featuredmedia":[{"embeddable":true,"href":"https:\/\/www.locoxelrojo.com\/independiente\/wp-json\/wp\/v2\/media\/73169"}],"wp:attachment":[{"href":"https:\/\/www.locoxelrojo.com\/independiente\/wp-json\/wp\/v2\/media?parent=73160"}],"wp:term":[{"taxonomy":"category","embeddable":true,"href":"https:\/\/www.locoxelrojo.com\/independiente\/wp-json\/wp\/v2\/categories?post=73160"},{"taxonomy":"post_tag","embeddable":true,"href":"https:\/\/www.locoxelrojo.com\/independiente\/wp-json\/wp\/v2\/tags?post=73160"}],"curies":[{"name":"wp","href":"https:\/\/api.w.org\/{rel}","templated":true}]}}