{"id":73213,"date":"2017-10-12T12:36:49","date_gmt":"2017-10-12T15:36:49","guid":{"rendered":"http:\/\/www.locoxelrojo.com\/independiente\/?p=73213"},"modified":"2017-10-12T12:36:50","modified_gmt":"2017-10-12T15:36:50","slug":"emotivo-mensaje-bustos","status":"publish","type":"post","link":"https:\/\/www.locoxelrojo.com\/independiente\/2017\/10\/12\/emotivo-mensaje-bustos\/","title":{"rendered":"Un emotivo mensaje para Bustos"},"content":{"rendered":"<p>No es noticia que Fabricio Bustos es una de las apariciones m\u00e1s destacadas en los \u00faltimos a\u00f1os. A base de buenos rendimientos se fue ganando el cari\u00f1o del hincha de Independiente, de tal forma logr\u00f3 ser uno de los jugadores m\u00e1s queridos.<\/p>\n<p>Si bien no pudo disputar los \u00faltimos partidos por una molestia muscular, los hinchas no dejan de reconocer el sacrificio que deja en cada partido. Tal es as\u00ed, que <strong>un simpatizante le dej\u00f3 un mensaje a los familiares del lateral que emocion\u00f3 tanto a su hermano como a su padre y ambos lo compartieron en sus respectivas cuentas de Instagram.<\/strong><\/p>\n<p><strong>\u00a1Mir\u00e1 este emotivo mensaje!<\/strong><\/p>\n<p><a href=\"https:\/\/www.locoxelrojo.com\/independiente\/2017\/10\/12\/emotivo-mensaje-bustos\/mensaje-bustos\/\" rel=\"attachment wp-att-73214\"><img loading=\"lazy\" class=\"alignnone size-full wp-image-73214\" src=\"https:\/\/www.locoxelrojo.com\/independiente\/wp-content\/uploads\/2017\/10\/Mensaje-Bustos.jpeg\" alt=\"Mensaje-Bustos\" width=\"720\" height=\"1280\" srcset=\"https:\/\/locoxelrojo.com\/independiente\/wp-content\/uploads\/2017\/10\/Mensaje-Bustos.jpeg 720w, https:\/\/locoxelrojo.com\/independiente\/wp-content\/uploads\/2017\/10\/Mensaje-Bustos-169x300.jpeg 169w, https:\/\/locoxelrojo.com\/independiente\/wp-content\/uploads\/2017\/10\/Mensaje-Bustos-576x1024.jpeg 576w, https:\/\/locoxelrojo.com\/independiente\/wp-content\/uploads\/2017\/10\/Mensaje-Bustos-696x1237.jpeg 696w, https:\/\/locoxelrojo.com\/independiente\/wp-content\/uploads\/2017\/10\/Mensaje-Bustos-236x420.jpeg 236w, https:\/\/locoxelrojo.com\/independiente\/wp-content\/uploads\/2017\/10\/Mensaje-Bustos-72x128.jpeg 72w, https:\/\/locoxelrojo.com\/independiente\/wp-content\/uploads\/2017\/10\/Mensaje-Bustos-18x32.jpeg 18w\" sizes=\"(max-width: 720px) 100vw, 720px\" \/><\/a><\/p>\n","protected":false},"excerpt":{"rendered":"<p>No es noticia que Fabricio Bustos es una de las apariciones m\u00e1s destacadas en los \u00faltimos a\u00f1os. A base de buenos rendimientos se fue ganando el cari\u00f1o del hincha de Independiente, de tal forma logr\u00f3 ser uno de los jugadores m\u00e1s queridos. Si bien no pudo disputar los \u00faltimos partidos por una molestia muscular, los [&hellip;]<\/p>\n","protected":false},"author":24,"featured_media":71304,"comment_status":"open","ping_status":"closed","sticky":false,"template":"","format":"standard","meta":{"_links_to":"","_links_to_target":""},"categories":[3247,3363],"tags":[1027],"_links":{"self":[{"href":"https:\/\/www.locoxelrojo.com\/independiente\/wp-json\/wp\/v2\/posts\/73213"}],"collection":[{"href":"https:\/\/www.locoxelrojo.com\/independiente\/wp-json\/wp\/v2\/posts"}],"about":[{"href":"https:\/\/www.locoxelrojo.com\/independiente\/wp-json\/wp\/v2\/types\/post"}],"author":[{"embeddable":true,"href":"https:\/\/www.locoxelrojo.com\/independiente\/wp-json\/wp\/v2\/users\/24"}],"replies":[{"embeddable":true,"href":"https:\/\/www.locoxelrojo.com\/independiente\/wp-json\/wp\/v2\/comments?post=73213"}],"version-history":[{"count":0,"href":"https:\/\/www.locoxelrojo.com\/independiente\/wp-json\/wp\/v2\/posts\/73213\/revisions"}],"wp:featuredmedia":[{"embeddable":true,"href":"https:\/\/www.locoxelrojo.com\/independiente\/wp-json\/wp\/v2\/media\/71304"}],"wp:attachment":[{"href":"https:\/\/www.locoxelrojo.com\/independiente\/wp-json\/wp\/v2\/media?parent=73213"}],"wp:term":[{"taxonomy":"category","embeddable":true,"href":"https:\/\/www.locoxelrojo.com\/independiente\/wp-json\/wp\/v2\/categories?post=73213"},{"taxonomy":"post_tag","embeddable":true,"href":"https:\/\/www.locoxelrojo.com\/independiente\/wp-json\/wp\/v2\/tags?post=73213"}],"curies":[{"name":"wp","href":"https:\/\/api.w.org\/{rel}","templated":true}]}}