{"id":73215,"date":"2017-10-12T12:50:36","date_gmt":"2017-10-12T15:50:36","guid":{"rendered":"http:\/\/www.locoxelrojo.com\/independiente\/?p=73215"},"modified":"2017-10-12T12:51:32","modified_gmt":"2017-10-12T15:51:32","slug":"se-sumaron-los-uruguayos","status":"publish","type":"post","link":"https:\/\/www.locoxelrojo.com\/independiente\/2017\/10\/12\/se-sumaron-los-uruguayos\/","title":{"rendered":"Se sumaron los uruguayos"},"content":{"rendered":"<p><strong>Mart\u00edn Campa\u00f1a y Gast\u00f3n Silva se reincorporaron a los entrenamientos de Independiente.<\/strong> Ambos jugadores quedaron a disposici\u00f3n de Ariel Holan.<\/p>\n<p>Tras la doble fecha de Eliminatorias Sudamericanas y <strong>con la clasificaci\u00f3n en el bolsillo de la Selecci\u00f3n de Uruguay al Mundial de Rusia 2018<\/strong>, Campa\u00f1a y Silva pegaron la vuelta y <strong>a partir de este jueves se pusieron a las \u00f3rdenes del cuerpo t\u00e9cnico de Independiente<\/strong>.<\/p>\n<p><strong>Hay que recordar que el arquero no sum\u00f3 minutos en ninguno de los dos partidos, mientras que <a href=\"https:\/\/www.locoxelrojo.com\/independiente\/2017\/10\/11\/silva-protagonista-la-clasificacion-uruguay\/\">el defensor fue protagonista principal en el duelo ante Bolivia<\/a>.<\/strong> Por suerte para Holan, llegaron en buenas condiciones y seguramente ser\u00e1n de la partida este domingo a partir de las 11:05 cuando el Rojo enfrente a Chacarita por la fecha 6 de la Superliga.<\/p>\n<p><span style=\"color: #999999;\"><em><strong>Foto: Club Atl\u00e9tico Independiente<\/strong><\/em><\/span><\/p>\n","protected":false},"excerpt":{"rendered":"<p>Mart\u00edn Campa\u00f1a y Gast\u00f3n Silva se reincorporaron a los entrenamientos de Independiente. Ambos jugadores quedaron a disposici\u00f3n de Ariel Holan. Tras la doble fecha de Eliminatorias Sudamericanas y con la clasificaci\u00f3n en el bolsillo de la Selecci\u00f3n de Uruguay al Mundial de Rusia 2018, Campa\u00f1a y Silva pegaron la vuelta y a partir de este [&hellip;]<\/p>\n","protected":false},"author":1,"featured_media":73216,"comment_status":"open","ping_status":"closed","sticky":false,"template":"","format":"standard","meta":{"_links_to":"","_links_to_target":""},"categories":[3247,3],"tags":[153,3557,3126,3657],"_links":{"self":[{"href":"https:\/\/www.locoxelrojo.com\/independiente\/wp-json\/wp\/v2\/posts\/73215"}],"collection":[{"href":"https:\/\/www.locoxelrojo.com\/independiente\/wp-json\/wp\/v2\/posts"}],"about":[{"href":"https:\/\/www.locoxelrojo.com\/independiente\/wp-json\/wp\/v2\/types\/post"}],"author":[{"embeddable":true,"href":"https:\/\/www.locoxelrojo.com\/independiente\/wp-json\/wp\/v2\/users\/1"}],"replies":[{"embeddable":true,"href":"https:\/\/www.locoxelrojo.com\/independiente\/wp-json\/wp\/v2\/comments?post=73215"}],"version-history":[{"count":0,"href":"https:\/\/www.locoxelrojo.com\/independiente\/wp-json\/wp\/v2\/posts\/73215\/revisions"}],"wp:featuredmedia":[{"embeddable":true,"href":"https:\/\/www.locoxelrojo.com\/independiente\/wp-json\/wp\/v2\/media\/73216"}],"wp:attachment":[{"href":"https:\/\/www.locoxelrojo.com\/independiente\/wp-json\/wp\/v2\/media?parent=73215"}],"wp:term":[{"taxonomy":"category","embeddable":true,"href":"https:\/\/www.locoxelrojo.com\/independiente\/wp-json\/wp\/v2\/categories?post=73215"},{"taxonomy":"post_tag","embeddable":true,"href":"https:\/\/www.locoxelrojo.com\/independiente\/wp-json\/wp\/v2\/tags?post=73215"}],"curies":[{"name":"wp","href":"https:\/\/api.w.org\/{rel}","templated":true}]}}