{"id":73219,"date":"2017-10-12T14:26:38","date_gmt":"2017-10-12T17:26:38","guid":{"rendered":"http:\/\/www.locoxelrojo.com\/independiente\/?p=73219"},"modified":"2017-10-12T14:29:31","modified_gmt":"2017-10-12T17:29:31","slug":"lo-esperaran-ultimo-momento","status":"publish","type":"post","link":"https:\/\/www.locoxelrojo.com\/independiente\/2017\/10\/12\/lo-esperaran-ultimo-momento\/","title":{"rendered":"Lo esperar\u00e1n hasta \u00faltimo momento"},"content":{"rendered":"<p><strong>Alan Franco padece una sobrecarga y su presencia en el partido del domingo ante Chacarita es una inc\u00f3gnita<\/strong>.<\/p>\n<p><a href=\"https:\/\/www.locoxelrojo.com\/independiente\/2017\/10\/11\/victoria-los-titulares-ante-la-uai-urquiza\/\">El amistoso de ayer ante la UAI Urquiza <\/a>no solo\u00a0puso en duda a <a href=\"https:\/\/www.locoxelrojo.com\/independiente\/2017\/10\/12\/con-un-pie-afuera\/\"><strong>Mart\u00edn Ben\u00edtez, quien est\u00e1 pr\u00e1cticamente descartado para el duelo del fin de semana<\/strong><\/a>.<\/p>\n<p>El defensor de Independiente, <a href=\"https:\/\/www.instagram.com\/p\/BaH_Sx_BaNf\/?hl=es&amp;taken-by=locoxelrojoweb\">quien ayer cumpli\u00f3 21 a\u00f1os<\/a>, <strong>tiene una sobrecarga en el gl\u00fateo derecho y los m\u00e9dicos del club esperar\u00e1n hasta \u00faltimo momento para definir si juega o no ante el Funebrero<\/strong>.<\/p>\n<blockquote class=\"instagram-media\" style=\"background: #FFF; border: 0; border-radius: 3px; box-shadow: 0 0 1px 0 rgba(0,0,0,0.5),0 1px 10px 0 rgba(0,0,0,0.15); margin: 1px; max-width: 658px; padding: 0; width: calc(100% - 2px);\" data-instgrm-captioned=\"\" data-instgrm-version=\"7\">\n<div style=\"padding: 8px;\">\n<div style=\"background: #F8F8F8; line-height: 0; margin-top: 40px; padding: 28.10185185185185% 0; text-align: center; width: 100%;\"><\/div>\n<p style=\"margin: 8px 0 0 0; padding: 0 4px;\"><a style=\"color: #000; font-family: Arial,sans-serif; font-size: 14px; font-style: normal; font-weight: normal; line-height: 17px; text-decoration: none; word-wrap: break-word;\" href=\"https:\/\/www.instagram.com\/p\/BWfkFMoB4pv\/\" target=\"_blank\">Con este cabezazo, @alan.franco.2 debut\u00f3 en la red anoche. #Independiente se pon\u00eda en ventaja a los 21&#8242; del primer tiempo.<\/a><\/p>\n<p style=\"color: #c9c8cd; font-family: Arial,sans-serif; font-size: 14px; line-height: 17px; margin-bottom: 0; margin-top: 8px; overflow: hidden; padding: 8px 0 7px; text-align: center; text-overflow: ellipsis; white-space: nowrap;\">Una publicaci\u00f3n compartida por Locoxelrojo.com (@locoxelrojoweb) el <time style=\"font-family: Arial,sans-serif; font-size: 14px; line-height: 17px;\" datetime=\"2017-07-13T16:18:39+00:00\">13 de Jul de 2017 a la(s) 9:18 PDT<\/time><\/p>\n<\/div>\n<\/blockquote>\n<p><script async defer src=\"\/\/platform.instagram.com\/en_US\/embeds.js\"><\/script><\/p>\n","protected":false},"excerpt":{"rendered":"<p>Alan Franco padece una sobrecarga y su presencia en el partido del domingo ante Chacarita es una inc\u00f3gnita. El amistoso de ayer ante la UAI Urquiza no solo\u00a0puso en duda a Mart\u00edn Ben\u00edtez, quien est\u00e1 pr\u00e1cticamente descartado para el duelo del fin de semana. El defensor de Independiente, quien ayer cumpli\u00f3 21 a\u00f1os, tiene una [&hellip;]<\/p>\n","protected":false},"author":19,"featured_media":69824,"comment_status":"open","ping_status":"closed","sticky":false,"template":"","format":"standard","meta":{"_links_to":"","_links_to_target":""},"categories":[3247,3],"tags":[3231],"_links":{"self":[{"href":"https:\/\/www.locoxelrojo.com\/independiente\/wp-json\/wp\/v2\/posts\/73219"}],"collection":[{"href":"https:\/\/www.locoxelrojo.com\/independiente\/wp-json\/wp\/v2\/posts"}],"about":[{"href":"https:\/\/www.locoxelrojo.com\/independiente\/wp-json\/wp\/v2\/types\/post"}],"author":[{"embeddable":true,"href":"https:\/\/www.locoxelrojo.com\/independiente\/wp-json\/wp\/v2\/users\/19"}],"replies":[{"embeddable":true,"href":"https:\/\/www.locoxelrojo.com\/independiente\/wp-json\/wp\/v2\/comments?post=73219"}],"version-history":[{"count":0,"href":"https:\/\/www.locoxelrojo.com\/independiente\/wp-json\/wp\/v2\/posts\/73219\/revisions"}],"wp:featuredmedia":[{"embeddable":true,"href":"https:\/\/www.locoxelrojo.com\/independiente\/wp-json\/wp\/v2\/media\/69824"}],"wp:attachment":[{"href":"https:\/\/www.locoxelrojo.com\/independiente\/wp-json\/wp\/v2\/media?parent=73219"}],"wp:term":[{"taxonomy":"category","embeddable":true,"href":"https:\/\/www.locoxelrojo.com\/independiente\/wp-json\/wp\/v2\/categories?post=73219"},{"taxonomy":"post_tag","embeddable":true,"href":"https:\/\/www.locoxelrojo.com\/independiente\/wp-json\/wp\/v2\/tags?post=73219"}],"curies":[{"name":"wp","href":"https:\/\/api.w.org\/{rel}","templated":true}]}}