{"id":73222,"date":"2017-10-12T17:11:07","date_gmt":"2017-10-12T20:11:07","guid":{"rendered":"http:\/\/www.locoxelrojo.com\/independiente\/?p=73222"},"modified":"2017-10-12T18:41:05","modified_gmt":"2017-10-12T21:41:05","slug":"detuvieron-ex-independiente","status":"publish","type":"post","link":"https:\/\/www.locoxelrojo.com\/independiente\/2017\/10\/12\/detuvieron-ex-independiente\/","title":{"rendered":"Detuvieron a un ex Independiente"},"content":{"rendered":"<p><strong>Carlos B\u00e1ez,<a href=\"https:\/\/www.locoxelrojo.com\/independiente\/2017\/06\/30\/la-vida-carlos-baez\/\"> el defensor paraguayo que pas\u00f3 por Independiente entre 2006 y 2007<\/a>, fue detenido en el distrito\u00a0guaran\u00ed de Lima, San Pedro, <\/strong>cuando estaba pr\u00f3ximo a realizar un viaje.<\/p>\n<p><a href=\"https:\/\/www.locoxelrojo.com\/independiente\/wp-content\/uploads\/2017\/06\/carlos-baez.jpg\"><img loading=\"lazy\" class=\"alignnone size-full wp-image-71061\" src=\"https:\/\/www.locoxelrojo.com\/independiente\/wp-content\/uploads\/2017\/06\/carlos-baez.jpg\" alt=\"carlos-baez\" width=\"741\" height=\"486\" srcset=\"https:\/\/locoxelrojo.com\/independiente\/wp-content\/uploads\/2017\/06\/carlos-baez.jpg 741w, https:\/\/locoxelrojo.com\/independiente\/wp-content\/uploads\/2017\/06\/carlos-baez-300x197.jpg 300w, https:\/\/locoxelrojo.com\/independiente\/wp-content\/uploads\/2017\/06\/carlos-baez-696x456.jpg 696w, https:\/\/locoxelrojo.com\/independiente\/wp-content\/uploads\/2017\/06\/carlos-baez-640x420.jpg 640w\" sizes=\"(max-width: 741px) 100vw, 741px\" \/><\/a><\/p>\n<p>El exfutbolista de 35 a\u00f1os era perseguido desde hac\u00eda mucho tiempo por la polic\u00eda de su pa\u00eds por ser un <strong>reconocido barra brava de Cerro Porte\u00f1o<\/strong>, club del cual es hincha.<\/p>\n<p><strong>\u00c9l\u00a0ten\u00eda una orden de captura\u00a0y hab\u00eda sido acusado de incitar a la violencia, cuando hace un a\u00f1o se difundi\u00f3 un audio suyo en el cual incitaba a\u00a0matar a los hinchas de Olimpia, el cl\u00e1sico rival del Cicl\u00f3n paraguayo<\/strong>.<\/p>\n<p>Ni bien fue trasladado al Departamento de Investigaciones del Segundo Departamento tom\u00f3 su celular y <strong>difundi\u00f3 la noticia a trav\u00e9s de su\u00a0Twitter<\/strong>, la red social donde opta por no usar la letra &#8220;O&#8221; por la rivalidad\u00a0manifiesta con Olimpia.<\/p>\n<blockquote class=\"twitter-tweet\" data-lang=\"es\">\n<p dir=\"ltr\" lang=\"es\">Peyecalma, nxs vemxs prxntx,<br \/>\nLxs quierx a txdxs!<br \/>\n#23 <a href=\"https:\/\/twitter.com\/hashtag\/inmxrtal?src=hash&amp;ref_src=twsrc%5Etfw\">#inmxrtal<\/a><br \/>\nPxr defender a una mujer cxn gustx vxy al hiltxn!! Lxs cxdigxs nx se rxmpen! <a href=\"https:\/\/t.co\/meaqnhe8u6\">pic.twitter.com\/meaqnhe8u6<\/a><\/p>\n<p>\u2014 AQUILES23 (@carlxsaquiles23) <a href=\"https:\/\/twitter.com\/carlxsaquiles23\/status\/918513454675365889?ref_src=twsrc%5Etfw\">12 de octubre de 2017<\/a><\/p><\/blockquote>\n<p><script async src=\"\/\/platform.twitter.com\/widgets.js\" charset=\"utf-8\"><\/script><\/p>\n<blockquote class=\"twitter-tweet\" data-lang=\"es\">\n<p dir=\"ltr\" lang=\"es\">&#x1f602;&#x1f602;&#x1f602;&#x1f602;&#x1f602;&#x1f602;&#x1f602;&#x1f602;<br \/>\nQUE TEMBX LXS PERRXS!! &#x1f602;&#x1f602;&#x1f602;&#x1f602;&#x1f602;&#x1f602;&#x1f602;&#x1f602;&#x1f602; <a href=\"https:\/\/t.co\/vzGjhNRcKE\">pic.twitter.com\/vzGjhNRcKE<\/a><\/p>\n<p>\u2014 AQUILES23 (@carlxsaquiles23) <a href=\"https:\/\/twitter.com\/carlxsaquiles23\/status\/918548245793697792?ref_src=twsrc%5Etfw\">12 de octubre de 2017<\/a><\/p><\/blockquote>\n<p><script async src=\"\/\/platform.twitter.com\/widgets.js\" charset=\"utf-8\"><\/script><\/p>\n","protected":false},"excerpt":{"rendered":"<p>Carlos B\u00e1ez, el defensor paraguayo que pas\u00f3 por Independiente entre 2006 y 2007, fue detenido en el distrito\u00a0guaran\u00ed de Lima, San Pedro, cuando estaba pr\u00f3ximo a realizar un viaje. El exfutbolista de 35 a\u00f1os era perseguido desde hac\u00eda mucho tiempo por la polic\u00eda de su pa\u00eds por ser un reconocido barra brava de Cerro Porte\u00f1o, [&hellip;]<\/p>\n","protected":false},"author":19,"featured_media":73223,"comment_status":"open","ping_status":"closed","sticky":false,"template":"","format":"standard","meta":{"_links_to":"","_links_to_target":""},"categories":[3280,3247],"tags":[3510],"_links":{"self":[{"href":"https:\/\/www.locoxelrojo.com\/independiente\/wp-json\/wp\/v2\/posts\/73222"}],"collection":[{"href":"https:\/\/www.locoxelrojo.com\/independiente\/wp-json\/wp\/v2\/posts"}],"about":[{"href":"https:\/\/www.locoxelrojo.com\/independiente\/wp-json\/wp\/v2\/types\/post"}],"author":[{"embeddable":true,"href":"https:\/\/www.locoxelrojo.com\/independiente\/wp-json\/wp\/v2\/users\/19"}],"replies":[{"embeddable":true,"href":"https:\/\/www.locoxelrojo.com\/independiente\/wp-json\/wp\/v2\/comments?post=73222"}],"version-history":[{"count":0,"href":"https:\/\/www.locoxelrojo.com\/independiente\/wp-json\/wp\/v2\/posts\/73222\/revisions"}],"wp:featuredmedia":[{"embeddable":true,"href":"https:\/\/www.locoxelrojo.com\/independiente\/wp-json\/wp\/v2\/media\/73223"}],"wp:attachment":[{"href":"https:\/\/www.locoxelrojo.com\/independiente\/wp-json\/wp\/v2\/media?parent=73222"}],"wp:term":[{"taxonomy":"category","embeddable":true,"href":"https:\/\/www.locoxelrojo.com\/independiente\/wp-json\/wp\/v2\/categories?post=73222"},{"taxonomy":"post_tag","embeddable":true,"href":"https:\/\/www.locoxelrojo.com\/independiente\/wp-json\/wp\/v2\/tags?post=73222"}],"curies":[{"name":"wp","href":"https:\/\/api.w.org\/{rel}","templated":true}]}}