{"id":73230,"date":"2017-10-13T14:30:22","date_gmt":"2017-10-13T17:30:22","guid":{"rendered":"http:\/\/www.locoxelrojo.com\/independiente\/?p=73230"},"modified":"2017-10-13T15:03:42","modified_gmt":"2017-10-13T18:03:42","slug":"va-desde-arranque","status":"publish","type":"post","link":"https:\/\/www.locoxelrojo.com\/independiente\/2017\/10\/13\/va-desde-arranque\/","title":{"rendered":"Va desde el arranque"},"content":{"rendered":"<p><strong>Alan Franco jugar\u00e1 desde el arranque este domingo a partir de las 11:05 con Chacarita por la fecha 6 de la Superliga<\/strong>. As\u00ed lo confirm\u00f3 Ariel Holan en conferencia de prensa.<\/p>\n<p><strong>Ya recuperado de <a href=\"https:\/\/www.locoxelrojo.com\/independiente\/2017\/10\/12\/lo-esperaran-ultimo-momento\/\">la sobrecarga en el gl\u00fateo derecho<\/a><\/strong> que lo tuvo toda la semana trabajando de manera diferenciada, este viernes <strong>el defensor se movi\u00f3 a la par de sus compa\u00f1eros y el cuerpo m\u00e9dico dio el visto bueno para que pueda jugar el fin de semana<\/strong>.<\/p>\n<p><strong>&#8220;Alan va a jugar&#8221;<\/strong>, afirm\u00f3 el entrenador ante los medios al t\u00e9rmino de la pr\u00e1ctica en el predio de Villa Dom\u00ednico. De esta manera, el equipo sufrir\u00e1 una sola variante del que venci\u00f3 a V\u00e9lez por la lesi\u00f3n de <a href=\"https:\/\/www.locoxelrojo.com\/independiente\/2017\/10\/13\/se-lo-pierde\/\">Mart\u00edn Ben\u00edtez, quien qued\u00f3 descartado<\/a>.<\/p>\n","protected":false},"excerpt":{"rendered":"<p>Alan Franco jugar\u00e1 desde el arranque este domingo a partir de las 11:05 con Chacarita por la fecha 6 de la Superliga. As\u00ed lo confirm\u00f3 Ariel Holan en conferencia de prensa. Ya recuperado de la sobrecarga en el gl\u00fateo derecho que lo tuvo toda la semana trabajando de manera diferenciada, este viernes el defensor se [&hellip;]<\/p>\n","protected":false},"author":1,"featured_media":73231,"comment_status":"open","ping_status":"closed","sticky":false,"template":"","format":"standard","meta":{"_links_to":"","_links_to_target":""},"categories":[3247,3],"tags":[3231],"_links":{"self":[{"href":"https:\/\/www.locoxelrojo.com\/independiente\/wp-json\/wp\/v2\/posts\/73230"}],"collection":[{"href":"https:\/\/www.locoxelrojo.com\/independiente\/wp-json\/wp\/v2\/posts"}],"about":[{"href":"https:\/\/www.locoxelrojo.com\/independiente\/wp-json\/wp\/v2\/types\/post"}],"author":[{"embeddable":true,"href":"https:\/\/www.locoxelrojo.com\/independiente\/wp-json\/wp\/v2\/users\/1"}],"replies":[{"embeddable":true,"href":"https:\/\/www.locoxelrojo.com\/independiente\/wp-json\/wp\/v2\/comments?post=73230"}],"version-history":[{"count":0,"href":"https:\/\/www.locoxelrojo.com\/independiente\/wp-json\/wp\/v2\/posts\/73230\/revisions"}],"wp:featuredmedia":[{"embeddable":true,"href":"https:\/\/www.locoxelrojo.com\/independiente\/wp-json\/wp\/v2\/media\/73231"}],"wp:attachment":[{"href":"https:\/\/www.locoxelrojo.com\/independiente\/wp-json\/wp\/v2\/media?parent=73230"}],"wp:term":[{"taxonomy":"category","embeddable":true,"href":"https:\/\/www.locoxelrojo.com\/independiente\/wp-json\/wp\/v2\/categories?post=73230"},{"taxonomy":"post_tag","embeddable":true,"href":"https:\/\/www.locoxelrojo.com\/independiente\/wp-json\/wp\/v2\/tags?post=73230"}],"curies":[{"name":"wp","href":"https:\/\/api.w.org\/{rel}","templated":true}]}}