{"id":73232,"date":"2017-10-13T13:01:34","date_gmt":"2017-10-13T16:01:34","guid":{"rendered":"http:\/\/www.locoxelrojo.com\/independiente\/?p=73232"},"modified":"2017-10-13T16:01:55","modified_gmt":"2017-10-13T19:01:55","slug":"con-una-duda","status":"publish","type":"post","link":"https:\/\/www.locoxelrojo.com\/independiente\/2017\/10\/13\/con-una-duda\/","title":{"rendered":"Con una duda"},"content":{"rendered":"<p>Independiente contin\u00faa con los preparativos para visitar este domingo, a partir de las 11:05, a Chacarita por la fecha 6 de la Superliga. <strong>Ariel Holan confirm\u00f3 la presencia de Alan Franco y descart\u00f3 a Mart\u00edn Ben\u00edtez. \u00bfQui\u00e9n lo reemplazar\u00e1?<\/strong><\/p>\n<p>Este viernes por la ma\u00f1ana el plantel de Independiente tuvo una nueva pr\u00e1ctica en el predio de Villa Dom\u00ednico. <strong>Los jugadores realizaron ejercicios t\u00e1cticos, que incluyeron salidas desde el fondo, definici\u00f3n y pelota parada. <\/strong><\/p>\n<p>La buena noticia para el t\u00e9cnico es que <strong>Franco se movi\u00f3 a la par de sus compa\u00f1eros<\/strong>. Por eso, <strong>el propio Holan anticip\u00f3 en conferencia de prensa que <a href=\"https:\/\/www.locoxelrojo.com\/independiente\/2017\/10\/13\/va-desde-arranque\/\">ser\u00e1 de la partida<\/a><\/strong>. Por su parte, <strong>Ben\u00edtez contin\u00faa recuper\u00e1ndose de su sobrecarga muscular en la pierna derecha y <a href=\"https:\/\/www.locoxelrojo.com\/independiente\/2017\/10\/13\/se-lo-pierde\/\">qued\u00f3 descartado<\/a> para jugar el fin de semana<\/strong>.<\/p>\n<p>En cuanto al equipo la \u00fanica duda es saber qui\u00e9n reemplazar\u00e1 al misionero. Por la cabeza del entrenador pasar varias alternativas: <strong>la principal es mantener a Jon\u00e1s Guti\u00e9rrez entre los once, pero sumarlo a la l\u00ednea de volantes. Otra es devolverle la titularidad a Juan S\u00e1nchez Mi\u00f1o, pero utilizarlo de extremo izquierdo, corriendo a Ezequiel Barco m\u00e1s al medio. La tercera es darle la oportunidad desde el arranque a Domingo Blanco, para que juegue uno menos m\u00e1s atr\u00e1s de Leandro Fern\u00e1ndez. Y la cuarta pasa por meter a Emmanuel Gigliotti de punta y retrasar a Fern\u00e1ndez<\/strong>.<\/p>\n<blockquote class=\"twitter-tweet\" data-lang=\"es\">\n<p dir=\"ltr\" lang=\"es\"><a href=\"https:\/\/twitter.com\/hashtag\/Independiente?src=hash&amp;ref_src=twsrc%5Etfw\">#Independiente<\/a> | Mart\u00edn Ben\u00edtez qued\u00f3 descartado para jugar ante <a href=\"https:\/\/twitter.com\/hashtag\/Chacarita?src=hash&amp;ref_src=twsrc%5Etfw\">#Chacarita<\/a>. Holan tiene estas alternativas: \u00bfqui\u00e9n lo tiene que reemplazar?<\/p>\n<p>\u2014 Independiente (LXR) (@locoxelrojoweb) <a href=\"https:\/\/twitter.com\/locoxelrojoweb\/status\/918911893221277696?ref_src=twsrc%5Etfw\">13 de octubre de 2017<\/a><\/p><\/blockquote>\n<p><script async src=\"\/\/platform.twitter.com\/widgets.js\" charset=\"utf-8\"><\/script><\/p>\n<p><iframe loading=\"lazy\" style=\"border: none; overflow: hidden;\" src=\"https:\/\/www.facebook.com\/plugins\/post.php?href=https%3A%2F%2Fwww.facebook.com%2FLocoXelRojoWeb%2Fposts%2F1677310302320267&amp;width=500\" width=\"500\" height=\"614\" frameborder=\"0\" scrolling=\"no\"><\/iframe><\/p>\n<p><strong>Mart\u00edn Campa\u00f1a; Fabricio Bustos, Alan Franco, Gast\u00f3n Silva, Nicol\u00e1s Tagliafico; Nicol\u00e1s Domingo, Diego Rodr\u00edguez; Jon\u00e1s Guti\u00e9rrez, Maximiliano Meza, Ezequiel Barco y Leandro Fern\u00e1ndez<\/strong>, podr\u00edan ser los once para ir a San Mart\u00edn.<\/p>\n<p><span style=\"color: #999999;\"><em><strong>Foto: Club Atl\u00e9tico Independiente<\/strong><\/em><\/span><\/p>\n","protected":false},"excerpt":{"rendered":"<p>Independiente contin\u00faa con los preparativos para visitar este domingo, a partir de las 11:05, a Chacarita por la fecha 6 de la Superliga. Ariel Holan confirm\u00f3 la presencia de Alan Franco y descart\u00f3 a Mart\u00edn Ben\u00edtez. \u00bfQui\u00e9n lo reemplazar\u00e1? Este viernes por la ma\u00f1ana el plantel de Independiente tuvo una nueva pr\u00e1ctica en el predio [&hellip;]<\/p>\n","protected":false},"author":1,"featured_media":73233,"comment_status":"open","ping_status":"closed","sticky":false,"template":"","format":"standard","meta":{"_links_to":"","_links_to_target":""},"categories":[3247,3],"tags":[3231,2998,26,258,172],"_links":{"self":[{"href":"https:\/\/www.locoxelrojo.com\/independiente\/wp-json\/wp\/v2\/posts\/73232"}],"collection":[{"href":"https:\/\/www.locoxelrojo.com\/independiente\/wp-json\/wp\/v2\/posts"}],"about":[{"href":"https:\/\/www.locoxelrojo.com\/independiente\/wp-json\/wp\/v2\/types\/post"}],"author":[{"embeddable":true,"href":"https:\/\/www.locoxelrojo.com\/independiente\/wp-json\/wp\/v2\/users\/1"}],"replies":[{"embeddable":true,"href":"https:\/\/www.locoxelrojo.com\/independiente\/wp-json\/wp\/v2\/comments?post=73232"}],"version-history":[{"count":0,"href":"https:\/\/www.locoxelrojo.com\/independiente\/wp-json\/wp\/v2\/posts\/73232\/revisions"}],"wp:featuredmedia":[{"embeddable":true,"href":"https:\/\/www.locoxelrojo.com\/independiente\/wp-json\/wp\/v2\/media\/73233"}],"wp:attachment":[{"href":"https:\/\/www.locoxelrojo.com\/independiente\/wp-json\/wp\/v2\/media?parent=73232"}],"wp:term":[{"taxonomy":"category","embeddable":true,"href":"https:\/\/www.locoxelrojo.com\/independiente\/wp-json\/wp\/v2\/categories?post=73232"},{"taxonomy":"post_tag","embeddable":true,"href":"https:\/\/www.locoxelrojo.com\/independiente\/wp-json\/wp\/v2\/tags?post=73232"}],"curies":[{"name":"wp","href":"https:\/\/api.w.org\/{rel}","templated":true}]}}