{"id":7331,"date":"2011-04-29T18:49:36","date_gmt":"2011-04-29T21:49:36","guid":{"rendered":"http:\/\/www.locoxelrojo.com.ar\/independiente\/?p=7331"},"modified":"2015-09-10T03:49:47","modified_gmt":"2015-09-10T06:49:47","slug":"busse-estoy-dolido-y-arrepentido-pido-disculpas-al-hincha-de-independiente-audio","status":"publish","type":"post","link":"https:\/\/www.locoxelrojo.com\/independiente\/2011\/04\/29\/busse-estoy-dolido-y-arrepentido-pido-disculpas-al-hincha-de-independiente-audio\/","title":{"rendered":"Busse: &#8220;Estoy dolido y arrepentido, le pido disculpas al hincha de Independiente&#8221;"},"content":{"rendered":"<p><a href=\"http:\/\/www.locoxelrojo.com.ar\/independiente\/wp-content\/uploads\/2011\/04\/busse-independiente.jpg\"><img loading=\"lazy\" class=\"alignnone size-full wp-image-7332\" title=\"busse-independiente\" src=\"http:\/\/www.locoxelrojo.com.ar\/independiente\/wp-content\/uploads\/2011\/04\/busse-independiente.jpg\" alt=\"\" width=\"590\" height=\"315\" srcset=\"https:\/\/locoxelrojo.com\/independiente\/wp-content\/uploads\/2011\/04\/busse-independiente.jpg 590w, https:\/\/locoxelrojo.com\/independiente\/wp-content\/uploads\/2011\/04\/busse-independiente-300x160.jpg 300w\" sizes=\"(max-width: 590px) 100vw, 590px\" \/><\/a><\/p>\n<p><strong>Walter Busse dialog\u00f3 en exclusiva con Mariano Closs para su programa &#8220;Un Buen Momento&#8221; por La Red AM 910<\/strong>, donde cont\u00f3 lo ocurrido y el momento que est\u00e1 atravesando luego del robo. <strong>\u201cGracias a Dios puedo estar hablando hoy, si la d\u00f3sis hubiera sido un poco m\u00e1s grande, hoy me estar\u00edan velando en un caj\u00f3n. Todav\u00eda estoy mareado por el efecto de la droga, pero consciente de poder hablar\u201d<\/strong>.<\/p>\n<p>En la charla tambi\u00e9n describi\u00f3 lo que ocurri\u00f3 al momento en que se despert\u00f3. <strong>\u201cLogr\u00e9 despertarme y me tir\u00e9 en el ascensor. Ah\u00ed me encontr\u00f3 el del quinto piso y me auxiliaron&#8221;<\/strong>, fueron las palabras del volante, todav\u00eda shoqueado por el episodio que le toc\u00f3 vivir.<\/p>\n<p><strong>&#8220;Todav\u00eda no sabemos qu\u00e9 droga pusieron, pero fue bastante fuerte. En el departamento no me dejaron nada, pero lo que m\u00e1s me duele es que se hayan llevado a mi perro\u201d<\/strong>, contaba Walter qui\u00e9n no entend\u00eda para que se llevaron a su mascota, un regalo de su ex novia Solange Rivas, con quien tambi\u00e9n lo cruzaron al aire.<\/p>\n<p><strong>\u201cTen\u00eda una gran relaci\u00f3n con su familia, s\u00e9 bien lo que es ella como persona, que no es mala leche. Si tengo que describir lo que es no me dan las palabras, ojal\u00e1 que encuentre a alguien que la merezca m\u00e1s que yo. Sabe que la amo con toda mi alma\u201d<\/strong>, fueron las palabras del salte\u00f1o al ser consultado por su relaci\u00f3n con Solange, mientr\u00e1s su ex pareja escuchaba lo que el jugador dec\u00eda. Ella declar\u00f3:<strong> \u201cPara m\u00ed no es inc\u00f3modo hablar con Walter, me alegra escucharlo para saber que no le pas\u00f3 nada y que est\u00e1 bien, soy incapaz de desearle algo malo. Dentro de todo la sac\u00f3 barata y me mata tambi\u00e9n que le hayan llevado al perro. Me hizo bien escucharlo\u201d.<\/strong><\/p>\n<p>Todav\u00eda est\u00e1n realiazando estudios para saber cual o cuales fueron las drogas que le suministraron a Busse, para saber que camino seguir con su rehabilitaci\u00f3n. <strong>\u201cHoy estoy el 70 por ciento consciente, no estoy totalmente recuperado. Camino y me mareo, pero ya puedo razonar\u201d<\/strong>, agreg\u00f3.<\/p>\n<p>Para finalizar se tom\u00f3 el tiempo para realizar su pedido de disculpas. <strong>\u201cEstoy dolido, arrepentido, el que me conoce sabe la persona que soy. Pido disculpas al hincha de Independiente, que siempre me banc\u00f3, a los dirigentes, al Turco, a Comparada, a mis compa\u00f1eros\u201d<\/strong>, cerr\u00f3.<\/p>\n<p><strong>Escucha el Audio Completo:<\/strong><\/p>\n<p><object id=\"divplaylist\" width=\"335\" height=\"28\" classid=\"clsid:d27cdb6e-ae6d-11cf-96b8-444553540000\" codebase=\"http:\/\/download.macromedia.com\/pub\/shockwave\/cabs\/flash\/swflash.cab#version=6,0,40,0\"><param name=\"src\" value=\"http:\/\/www.divshare.com\/flash\/playlist?myId=14707957-ccc\" \/><param name=\"name\" value=\"divplaylist\" \/><embed id=\"divplaylist\" type=\"application\/x-shockwave-flash\" width=\"335\" height=\"28\" src=\"http:\/\/www.divshare.com\/flash\/playlist?myId=14707957-ccc\" name=\"divplaylist\"><\/embed><\/object><\/p>\n","protected":false},"excerpt":{"rendered":"<p>Walter Busse dialog\u00f3 en exclusiva con Mariano Closs para su programa &#8220;Un Buen Momento&#8221; por La Red AM 910, donde cont\u00f3 lo ocurrido y el momento que est\u00e1 atravesando luego del robo. \u201cGracias a Dios puedo estar hablando hoy, si la d\u00f3sis hubiera sido un poco m\u00e1s grande, hoy me estar\u00edan velando en un caj\u00f3n. [&hellip;]<\/p>\n","protected":false},"author":1,"featured_media":0,"comment_status":"open","ping_status":"open","sticky":false,"template":"","format":"standard","meta":{"_links_to":"","_links_to_target":""},"categories":[3,1],"tags":[153,425,426,484,28],"_links":{"self":[{"href":"https:\/\/www.locoxelrojo.com\/independiente\/wp-json\/wp\/v2\/posts\/7331"}],"collection":[{"href":"https:\/\/www.locoxelrojo.com\/independiente\/wp-json\/wp\/v2\/posts"}],"about":[{"href":"https:\/\/www.locoxelrojo.com\/independiente\/wp-json\/wp\/v2\/types\/post"}],"author":[{"embeddable":true,"href":"https:\/\/www.locoxelrojo.com\/independiente\/wp-json\/wp\/v2\/users\/1"}],"replies":[{"embeddable":true,"href":"https:\/\/www.locoxelrojo.com\/independiente\/wp-json\/wp\/v2\/comments?post=7331"}],"version-history":[{"count":0,"href":"https:\/\/www.locoxelrojo.com\/independiente\/wp-json\/wp\/v2\/posts\/7331\/revisions"}],"wp:attachment":[{"href":"https:\/\/www.locoxelrojo.com\/independiente\/wp-json\/wp\/v2\/media?parent=7331"}],"wp:term":[{"taxonomy":"category","embeddable":true,"href":"https:\/\/www.locoxelrojo.com\/independiente\/wp-json\/wp\/v2\/categories?post=7331"},{"taxonomy":"post_tag","embeddable":true,"href":"https:\/\/www.locoxelrojo.com\/independiente\/wp-json\/wp\/v2\/tags?post=7331"}],"curies":[{"name":"wp","href":"https:\/\/api.w.org\/{rel}","templated":true}]}}