{"id":73399,"date":"2017-10-21T10:14:17","date_gmt":"2017-10-21T13:14:17","guid":{"rendered":"http:\/\/www.locoxelrojo.com\/independiente\/?p=73399"},"modified":"2017-10-21T21:27:40","modified_gmt":"2017-10-22T00:27:40","slug":"nuevamente-convocados-a-uruguay","status":"publish","type":"post","link":"https:\/\/www.locoxelrojo.com\/independiente\/2017\/10\/21\/nuevamente-convocados-a-uruguay\/","title":{"rendered":"Nuevamente convocados"},"content":{"rendered":"<p>La Asociaci\u00f3n del F\u00fatbol Uruguaya anunci\u00f3 la lista de convocados para la fecha FIFA que se disputar\u00e1 en noviembre. <strong>Entre los 23 futbolistas se encuentran Mart\u00edn Campa\u00f1a y Gast\u00f3n Silva<\/strong>.<\/p>\n<p>Una vez m\u00e1s, el arquero y el defensor charr\u00faa volvieron a ser citados por Oscar Tab\u00e1rez <strong>para los dos amistosos de Uruguay frente a Polonia (el 10\/11) y Austria (14\/11)<\/strong>.<\/p>\n<p>Cabe destacar que <strong>ni Campa\u00f1a ni Silva se perder\u00e1n un partido de Independiente<\/strong> porque en esas fechas habr\u00e1 un parate en el f\u00fatbol de Primera Divisi\u00f3n.<\/p>\n<blockquote class=\"twitter-tweet\" data-lang=\"es\">\n<p dir=\"ltr\" lang=\"es\">El Cuerpo T\u00e9cnico de <a href=\"https:\/\/twitter.com\/Uruguay?ref_src=twsrc%5Etfw\">@Uruguay<\/a> reserv\u00f3 a 23 futbolistas del exterior para los amistosos ante Polonia (10\/11) y Austria (14\/11). <a href=\"https:\/\/t.co\/PlI3H42rxq\">pic.twitter.com\/PlI3H42rxq<\/a><\/p>\n<p>\u2014 Selecci\u00f3n Uruguaya (@Uruguay) <a href=\"https:\/\/twitter.com\/Uruguay\/status\/921481595332317185?ref_src=twsrc%5Etfw\">20 de octubre de 2017<\/a><\/p><\/blockquote>\n<p><script async src=\"\/\/platform.twitter.com\/widgets.js\" charset=\"utf-8\"><\/script><\/p>\n","protected":false},"excerpt":{"rendered":"<p>La Asociaci\u00f3n del F\u00fatbol Uruguaya anunci\u00f3 la lista de convocados para la fecha FIFA que se disputar\u00e1 en noviembre. Entre los 23 futbolistas se encuentran Mart\u00edn Campa\u00f1a y Gast\u00f3n Silva. Una vez m\u00e1s, el arquero y el defensor charr\u00faa volvieron a ser citados por Oscar Tab\u00e1rez para los dos amistosos de Uruguay frente a Polonia [&hellip;]<\/p>\n","protected":false},"author":19,"featured_media":73216,"comment_status":"open","ping_status":"closed","sticky":false,"template":"","format":"standard","meta":{"_links_to":"","_links_to_target":""},"categories":[3280,3247],"tags":[1729,3557,3126,3657],"_links":{"self":[{"href":"https:\/\/www.locoxelrojo.com\/independiente\/wp-json\/wp\/v2\/posts\/73399"}],"collection":[{"href":"https:\/\/www.locoxelrojo.com\/independiente\/wp-json\/wp\/v2\/posts"}],"about":[{"href":"https:\/\/www.locoxelrojo.com\/independiente\/wp-json\/wp\/v2\/types\/post"}],"author":[{"embeddable":true,"href":"https:\/\/www.locoxelrojo.com\/independiente\/wp-json\/wp\/v2\/users\/19"}],"replies":[{"embeddable":true,"href":"https:\/\/www.locoxelrojo.com\/independiente\/wp-json\/wp\/v2\/comments?post=73399"}],"version-history":[{"count":0,"href":"https:\/\/www.locoxelrojo.com\/independiente\/wp-json\/wp\/v2\/posts\/73399\/revisions"}],"wp:featuredmedia":[{"embeddable":true,"href":"https:\/\/www.locoxelrojo.com\/independiente\/wp-json\/wp\/v2\/media\/73216"}],"wp:attachment":[{"href":"https:\/\/www.locoxelrojo.com\/independiente\/wp-json\/wp\/v2\/media?parent=73399"}],"wp:term":[{"taxonomy":"category","embeddable":true,"href":"https:\/\/www.locoxelrojo.com\/independiente\/wp-json\/wp\/v2\/categories?post=73399"},{"taxonomy":"post_tag","embeddable":true,"href":"https:\/\/www.locoxelrojo.com\/independiente\/wp-json\/wp\/v2\/tags?post=73399"}],"curies":[{"name":"wp","href":"https:\/\/api.w.org\/{rel}","templated":true}]}}