{"id":73400,"date":"2017-10-21T21:27:17","date_gmt":"2017-10-22T00:27:17","guid":{"rendered":"http:\/\/www.locoxelrojo.com\/independiente\/?p=73400"},"modified":"2017-10-22T13:00:06","modified_gmt":"2017-10-22T16:00:06","slug":"como-sigue-causa","status":"publish","type":"post","link":"https:\/\/www.locoxelrojo.com\/independiente\/2017\/10\/21\/como-sigue-causa\/","title":{"rendered":"\u00bfC\u00f3mo sigue la causa?"},"content":{"rendered":"<p><strong>El entrenador de Independiente <a href=\"https:\/\/www.locoxelrojo.com\/independiente\/2017\/10\/21\/pasaron-los-tribunales\/\">pas\u00f3 a declarar esta ma\u00f1ana por los Tribunales<\/a> <\/strong>sobre los <a href=\"https:\/\/www.locoxelrojo.com\/independiente\/2017\/10\/20\/amenazas-holan\/\">hechos ocurridos el jueves pasado<\/a>, cuando Pablo \u00c1lvarez lo intercept\u00f3 camino al predio de Villa Dom\u00ednico.<\/p>\n<p>En di\u00e1logo con Radio La Red, el abogado defensor del entrenador del Rojo, <strong>V\u00edctor Varone<\/strong>, manifest\u00f3: <strong>&#8220;En beneficio de la investigaci\u00f3n no podemos dar detalles de la declaraci\u00f3n. El t\u00e9cnico est\u00e1 tranquilo, fuerte. Est\u00e1 resguardado \u00e9l, su familia y el cuerpo t\u00e9cnico&#8221;<\/strong>.<\/p>\n<p>Por otro lado, advirti\u00f3: <strong>&#8220;Lo \u00fanico que puedo contar es que <a href=\"https:\/\/www.locoxelrojo.com\/independiente\/2017\/10\/21\/otro-audio-que-compromete-a-holan\/\">el audio de Bebote \u00c1lvarez que trascendi\u00f3<\/a> no tiene validez para la causa&#8221;<\/strong>.<\/p>\n<p>Luego de haber prestado declaraci\u00f3n ante la Justicia, <strong>la Polic\u00eda de la Provincia de Buenos Aires qued\u00f3 a cargo de la custodia de Holan y de su familia<\/strong>. Mientras que cuando el plantel viaje a Paraguay el martes, su seguridad\u00a0estar\u00e1 en manos de la fuerza local.<\/p>\n<p>Sin embargo, a\u00fan es todo muy reciente y poco se sabe del futuro del entrenador y cu\u00e1les son los pr\u00f3ximos pasos a seguir en esta denuncia. <strong>&#8220;Quedamos dentro del marco de la causa. No hay una car\u00e1tula determinada. Est\u00e1n investigando&#8221;<\/strong>, concluy\u00f3 Varone.<\/p>\n","protected":false},"excerpt":{"rendered":"<p>El entrenador de Independiente pas\u00f3 a declarar esta ma\u00f1ana por los Tribunales sobre los hechos ocurridos el jueves pasado, cuando Pablo \u00c1lvarez lo intercept\u00f3 camino al predio de Villa Dom\u00ednico. En di\u00e1logo con Radio La Red, el abogado defensor del entrenador del Rojo, V\u00edctor Varone, manifest\u00f3: &#8220;En beneficio de la investigaci\u00f3n no podemos dar detalles [&hellip;]<\/p>\n","protected":false},"author":21,"featured_media":70856,"comment_status":"open","ping_status":"closed","sticky":false,"template":"","format":"standard","meta":{"_links_to":"","_links_to_target":""},"categories":[3280,3247],"tags":[2998,1088,3666],"_links":{"self":[{"href":"https:\/\/www.locoxelrojo.com\/independiente\/wp-json\/wp\/v2\/posts\/73400"}],"collection":[{"href":"https:\/\/www.locoxelrojo.com\/independiente\/wp-json\/wp\/v2\/posts"}],"about":[{"href":"https:\/\/www.locoxelrojo.com\/independiente\/wp-json\/wp\/v2\/types\/post"}],"author":[{"embeddable":true,"href":"https:\/\/www.locoxelrojo.com\/independiente\/wp-json\/wp\/v2\/users\/21"}],"replies":[{"embeddable":true,"href":"https:\/\/www.locoxelrojo.com\/independiente\/wp-json\/wp\/v2\/comments?post=73400"}],"version-history":[{"count":0,"href":"https:\/\/www.locoxelrojo.com\/independiente\/wp-json\/wp\/v2\/posts\/73400\/revisions"}],"wp:featuredmedia":[{"embeddable":true,"href":"https:\/\/www.locoxelrojo.com\/independiente\/wp-json\/wp\/v2\/media\/70856"}],"wp:attachment":[{"href":"https:\/\/www.locoxelrojo.com\/independiente\/wp-json\/wp\/v2\/media?parent=73400"}],"wp:term":[{"taxonomy":"category","embeddable":true,"href":"https:\/\/www.locoxelrojo.com\/independiente\/wp-json\/wp\/v2\/categories?post=73400"},{"taxonomy":"post_tag","embeddable":true,"href":"https:\/\/www.locoxelrojo.com\/independiente\/wp-json\/wp\/v2\/tags?post=73400"}],"curies":[{"name":"wp","href":"https:\/\/api.w.org\/{rel}","templated":true}]}}