{"id":73402,"date":"2017-10-21T21:18:52","date_gmt":"2017-10-22T00:18:52","guid":{"rendered":"http:\/\/www.locoxelrojo.com\/independiente\/?p=73402"},"modified":"2017-10-22T12:59:52","modified_gmt":"2017-10-22T15:59:52","slug":"pasaron-los-tribunales-de-lomas","status":"publish","type":"post","link":"https:\/\/www.locoxelrojo.com\/independiente\/2017\/10\/21\/pasaron-los-tribunales-de-lomas\/","title":{"rendered":"Pasaron por los Tribunales de Lomas de Zamora"},"content":{"rendered":"<p><strong>Ariel Holan y Javier Telechea pasaron este s\u00e1bado por los Tribunales de Lomas de Zamora para declarar por <a href=\"https:\/\/www.locoxelrojo.com\/independiente\/2017\/10\/20\/amenazas-holan\/\">los hechos que sucedieron este jueves a la salida del predio de Villa Dom\u00ednico<\/a>, en marco a la denuncia de oficio que iniciaron el Ministerio de Justicia de la Provincia de Buenos Aires y el Aprevide.<\/strong><\/p>\n<p><strong>El t\u00e9cnico de Independiente prest\u00f3 declaraci\u00f3n testimonial ante la fiscal\u00eda por un lapso de m\u00e1s de una hora<\/strong>. Fue acompa\u00f1ado por el vicepresidente del club Carlos Monta\u00f1a, el secretario general H\u00e9ctor Maldonado y el titular del Aprevide Juan Manuel Lugones. <strong>Tambi\u00e9n tuvo que brindar su testimonio Telechea, uno de sus colaboradores, qui\u00e9n se encontraba con \u00e9l en el lugar de los hechos<\/strong>. Ambos lo hicieron de manera separada.<\/p>\n<blockquote class=\"twitter-tweet\" data-lang=\"es\">\n<p dir=\"ltr\" lang=\"es\">Nuevo comunicado oficial. <a href=\"https:\/\/t.co\/MlWZ9RhmKF\">pic.twitter.com\/MlWZ9RhmKF<\/a><\/p>\n<p>\u2014 C. A. Independiente (@Independiente) <a href=\"https:\/\/twitter.com\/Independiente\/status\/921872191746183168?ref_src=twsrc%5Etfw\">21 de octubre de 2017<\/a><\/p><\/blockquote>\n<p><script async src=\"\/\/platform.twitter.com\/widgets.js\" charset=\"utf-8\"><\/script><\/p>\n<p>Seg\u00fan cont\u00f3 su uno de sus abogados, V\u00edctor Varone, <strong>su declaraci\u00f3n qued\u00f3 bajo secreto de sumario<\/strong>. Ahora la fiscal\u00eda tendr\u00e1 que continuar con las investigaciones en una causa que a\u00fan no tiene car\u00e1tula definida. En cuanto <a href=\"https:\/\/www.locoxelrojo.com\/independiente\/2017\/10\/21\/otro-audio-que-compromete-a-holan\/\">al audio que dio a conocer Radio Mitre<\/a>, para Varone <strong>&#8220;no tiene validez para la causa&#8221;<\/strong>.<\/p>\n<p>Mientras tanto, <strong>Holan y su familia permanecer\u00e1n con custodia de la Polic\u00eda de la Provincia de Buenos Aires y en su viaje a Paraguay lo har\u00e1 la fuerza de seguridad local<\/strong>.<\/p>\n","protected":false},"excerpt":{"rendered":"<p>Ariel Holan y Javier Telechea pasaron este s\u00e1bado por los Tribunales de Lomas de Zamora para declarar por los hechos que sucedieron este jueves a la salida del predio de Villa Dom\u00ednico, en marco a la denuncia de oficio que iniciaron el Ministerio de Justicia de la Provincia de Buenos Aires y el Aprevide. El [&hellip;]<\/p>\n","protected":false},"author":21,"featured_media":71002,"comment_status":"open","ping_status":"closed","sticky":false,"template":"","format":"standard","meta":{"_links_to":"","_links_to_target":""},"categories":[3280,3247],"tags":[2998,2654,2636,3668,3354,3666],"_links":{"self":[{"href":"https:\/\/www.locoxelrojo.com\/independiente\/wp-json\/wp\/v2\/posts\/73402"}],"collection":[{"href":"https:\/\/www.locoxelrojo.com\/independiente\/wp-json\/wp\/v2\/posts"}],"about":[{"href":"https:\/\/www.locoxelrojo.com\/independiente\/wp-json\/wp\/v2\/types\/post"}],"author":[{"embeddable":true,"href":"https:\/\/www.locoxelrojo.com\/independiente\/wp-json\/wp\/v2\/users\/21"}],"replies":[{"embeddable":true,"href":"https:\/\/www.locoxelrojo.com\/independiente\/wp-json\/wp\/v2\/comments?post=73402"}],"version-history":[{"count":0,"href":"https:\/\/www.locoxelrojo.com\/independiente\/wp-json\/wp\/v2\/posts\/73402\/revisions"}],"wp:featuredmedia":[{"embeddable":true,"href":"https:\/\/www.locoxelrojo.com\/independiente\/wp-json\/wp\/v2\/media\/71002"}],"wp:attachment":[{"href":"https:\/\/www.locoxelrojo.com\/independiente\/wp-json\/wp\/v2\/media?parent=73402"}],"wp:term":[{"taxonomy":"category","embeddable":true,"href":"https:\/\/www.locoxelrojo.com\/independiente\/wp-json\/wp\/v2\/categories?post=73402"},{"taxonomy":"post_tag","embeddable":true,"href":"https:\/\/www.locoxelrojo.com\/independiente\/wp-json\/wp\/v2\/tags?post=73402"}],"curies":[{"name":"wp","href":"https:\/\/api.w.org\/{rel}","templated":true}]}}