{"id":73418,"date":"2017-10-23T17:18:32","date_gmt":"2017-10-23T20:18:32","guid":{"rendered":"http:\/\/www.locoxelrojo.com\/independiente\/?p=73418"},"modified":"2017-10-23T20:28:30","modified_gmt":"2017-10-23T23:28:30","slug":"concentrados-afuera-benitez","status":"publish","type":"post","link":"https:\/\/www.locoxelrojo.com\/independiente\/2017\/10\/23\/concentrados-afuera-benitez\/","title":{"rendered":"Concentrados vs. Nacional: afuera Ben\u00edtez"},"content":{"rendered":"<p><strong>Ariel Holan confirm\u00f3 a los concentrados de Independiente para visitar a Nacional en Paraguay, por la ida de los cuartos de final de la Copa Conmebol Sudamericana 2017.<\/strong><\/p>\n<p>Adem\u00e1s de las sabidas ausencias de Jon\u00e1s Guti\u00e9rrez (no est\u00e1 habilitado para jugar el certamen) y Nicol\u00e1s Tagliafico (expulsado ante Atl\u00e9tico Tucum\u00e1n), <strong>el entrenador decidi\u00f3 dejar afuera de la n\u00f3mina a Mart\u00edn Ben\u00edtez<\/strong>, ya que todav\u00eda no est\u00e1 totalmente recuperado de la sobrecarga en su posterior derecho.<\/p>\n<p>Por su parte,\u00a0<strong>volvieron a ser citados Rodrigo Moreira y Juan Manuel Mart\u00ednez<\/strong>, completando as\u00ed la lista de 20 citados\u00a0para viajar a Asunci\u00f3n.\u00a0De esta manera, ser\u00e1n dos los jugadores que no integrar\u00e1n el banco de suplentes.<\/p>\n<p><span style=\"text-decoration: underline;\"><strong>Los\u00a020 que viajan a Paraguay<\/strong><\/span><\/p>\n<p><strong>Arqueros:<\/strong>\u00a0Mart\u00edn Campa\u00f1a y Dami\u00e1n Albil.<\/p>\n<p><strong>Defensores:<\/strong>\u00a0Fabricio Bustos, Alan Franco, Fernando Amorebieta, Gast\u00f3n Silva y Rodrigo Moreira.<\/p>\n<p><strong>Mediocampistas:<\/strong>\u00a0Juan S\u00e1nchez Mi\u00f1o, Maximiliano Meza, Walter Erviti, Diego Rodr\u00edguez, Domingo Blanco, Nery Dom\u00ednguez, Ezequiel Barco y Nicol\u00e1s Domingo.<\/p>\n<p><strong>Delanteros:<\/strong>\u00a0Emanuel Gigliotti, Leandro Fern\u00e1ndez, Lucas Albertengo, Gast\u00f3n Togni y Juan Manuel Mart\u00ednez.<\/p>\n","protected":false},"excerpt":{"rendered":"<p>Ariel Holan confirm\u00f3 a los concentrados de Independiente para visitar a Nacional en Paraguay, por la ida de los cuartos de final de la Copa Conmebol Sudamericana 2017. Adem\u00e1s de las sabidas ausencias de Jon\u00e1s Guti\u00e9rrez (no est\u00e1 habilitado para jugar el certamen) y Nicol\u00e1s Tagliafico (expulsado ante Atl\u00e9tico Tucum\u00e1n), el entrenador decidi\u00f3 dejar afuera [&hellip;]<\/p>\n","protected":false},"author":8,"featured_media":71603,"comment_status":"open","ping_status":"closed","sticky":false,"template":"","format":"standard","meta":{"_links_to":"","_links_to_target":""},"categories":[3247,3],"tags":[153,2024,3503,1886,258,1600,1733],"_links":{"self":[{"href":"https:\/\/www.locoxelrojo.com\/independiente\/wp-json\/wp\/v2\/posts\/73418"}],"collection":[{"href":"https:\/\/www.locoxelrojo.com\/independiente\/wp-json\/wp\/v2\/posts"}],"about":[{"href":"https:\/\/www.locoxelrojo.com\/independiente\/wp-json\/wp\/v2\/types\/post"}],"author":[{"embeddable":true,"href":"https:\/\/www.locoxelrojo.com\/independiente\/wp-json\/wp\/v2\/users\/8"}],"replies":[{"embeddable":true,"href":"https:\/\/www.locoxelrojo.com\/independiente\/wp-json\/wp\/v2\/comments?post=73418"}],"version-history":[{"count":0,"href":"https:\/\/www.locoxelrojo.com\/independiente\/wp-json\/wp\/v2\/posts\/73418\/revisions"}],"wp:featuredmedia":[{"embeddable":true,"href":"https:\/\/www.locoxelrojo.com\/independiente\/wp-json\/wp\/v2\/media\/71603"}],"wp:attachment":[{"href":"https:\/\/www.locoxelrojo.com\/independiente\/wp-json\/wp\/v2\/media?parent=73418"}],"wp:term":[{"taxonomy":"category","embeddable":true,"href":"https:\/\/www.locoxelrojo.com\/independiente\/wp-json\/wp\/v2\/categories?post=73418"},{"taxonomy":"post_tag","embeddable":true,"href":"https:\/\/www.locoxelrojo.com\/independiente\/wp-json\/wp\/v2\/tags?post=73418"}],"curies":[{"name":"wp","href":"https:\/\/api.w.org\/{rel}","templated":true}]}}