{"id":73421,"date":"2017-10-23T12:26:36","date_gmt":"2017-10-23T15:26:36","guid":{"rendered":"http:\/\/www.locoxelrojo.com\/independiente\/?p=73421"},"modified":"2017-10-23T20:24:48","modified_gmt":"2017-10-23T23:24:48","slug":"custodia-y-perimetral","status":"publish","type":"post","link":"https:\/\/www.locoxelrojo.com\/independiente\/2017\/10\/23\/custodia-y-perimetral\/","title":{"rendered":"Bajo custodia y con perimetral"},"content":{"rendered":"<p>Luego del <a href=\"https:\/\/www.locoxelrojo.com\/independiente\/2017\/10\/20\/amenazas-holan\/\">episodio que vivi\u00f3 Ariel Holan la semana pasada<\/a> y <a href=\"https:\/\/www.locoxelrojo.com\/independiente\/2017\/10\/21\/pasaron-los-tribunales-de-lomas\/\">tras la declaraci\u00f3n del s\u00e1bado en los Tribunales de Lomas de Zamora<\/a>, <strong>el t\u00e9cnico de Independiente y su familia qued\u00f3 bajo custodia policial<\/strong>. Adem\u00e1s, <strong>la justicia orden\u00f3 una medida perimetral para con los l\u00edderes de la barra<\/strong>.<\/p>\n<p>Y un d\u00eda volvieron los patrulleros a Villa Dom\u00ednico. <strong>Tanto <a href=\"https:\/\/www.locoxelrojo.com\/independiente\/2017\/10\/22\/domingo-de-trabajo-villa-dominico\/\">el domingo<\/a>, como <a href=\"https:\/\/www.locoxelrojo.com\/independiente\/2017\/10\/23\/el-ultimo-entrenamiento-antes-de-viajar-a-paraguay\/\">en la pr\u00e1ctica de este lunes<\/a>, la polic\u00eda de la provincia de Buenos Aires se encarg\u00f3 de custodiar el ingreso y tambi\u00e9n dentro del predio<\/strong>. Esto se debe al marco de <a href=\"https:\/\/www.locoxelrojo.com\/independiente\/2017\/10\/21\/como-sigue-causa\/\">la investigaci\u00f3n<\/a> que est\u00e1n realizando por las amenazas que sufri\u00f3 el t\u00e9cnico.<\/p>\n<p><a href=\"https:\/\/www.locoxelrojo.com\/independiente\/2017\/10\/23\/bajo-custodia-y-perimetral\/predio-custodia\/\" rel=\"attachment wp-att-73423\"><img loading=\"lazy\" class=\"alignnone size-full wp-image-73423\" src=\"https:\/\/www.locoxelrojo.com\/independiente\/wp-content\/uploads\/2017\/10\/predio-custodia.jpg\" alt=\"predio-custodia\" width=\"741\" height=\"486\" srcset=\"https:\/\/locoxelrojo.com\/independiente\/wp-content\/uploads\/2017\/10\/predio-custodia.jpg 741w, https:\/\/locoxelrojo.com\/independiente\/wp-content\/uploads\/2017\/10\/predio-custodia-300x197.jpg 300w, https:\/\/locoxelrojo.com\/independiente\/wp-content\/uploads\/2017\/10\/predio-custodia-696x456.jpg 696w, https:\/\/locoxelrojo.com\/independiente\/wp-content\/uploads\/2017\/10\/predio-custodia-640x420.jpg 640w, https:\/\/locoxelrojo.com\/independiente\/wp-content\/uploads\/2017\/10\/predio-custodia-128x84.jpg 128w, https:\/\/locoxelrojo.com\/independiente\/wp-content\/uploads\/2017\/10\/predio-custodia-32x21.jpg 32w\" sizes=\"(max-width: 741px) 100vw, 741px\" \/><\/a><\/p>\n<p><strong>Holan tendr\u00e1 escolta personal por tiempo indefinido, habr\u00e1 controles en la autopista y el acceso sudeste y se reforzar\u00e1n las medidas de seguridad para toda la delegaci\u00f3n que viaje rumbo a Paraguay<\/strong>.<\/p>\n<p>Por otra parte, <strong>el fiscal de la causa junto al juez de garant\u00edas ordenaron implementar una medida perimetral de 200 metros para Holan, todo su cuerpo t\u00e9cnico y grupos familiares para con los l\u00edderes de la barra<\/strong>. As\u00ed lo anunci\u00f3 uno de sus abogados en su red social.<\/p>\n<blockquote class=\"twitter-tweet\" data-lang=\"es\">\n<p dir=\"ltr\" lang=\"es\">Fiscal junto a juez de garant\u00edas ordenaron la implementaci\u00f3n de una medida perimetral de 200 metros para Holan y todo su cuerpo t\u00e9cnico y grupos familiares para con Pablo alvarez , vigente aqu\u00ed y en Paraguay , en funci\u00f3n del viaje del plantel<\/p>\n<p>\u2014 Gabriel Iezzi (@gabrieliezzi) <a href=\"https:\/\/twitter.com\/gabrieliezzi\/status\/922492674954981378?ref_src=twsrc%5Etfw\">23 de octubre de 2017<\/a><\/p><\/blockquote>\n<p><script async src=\"\/\/platform.twitter.com\/widgets.js\" charset=\"utf-8\"><\/script><\/p>\n<blockquote class=\"twitter-tweet\" data-lang=\"es\">\n<p dir=\"ltr\" lang=\"es\">Por otro lado el mi\u00e9rcoles nos estamos presentando como particulares damnificados y pidiendo medidas en el proceso \/ <a href=\"https:\/\/twitter.com\/arielholan_DT?ref_src=twsrc%5Etfw\">@arielholan_DT<\/a><\/p>\n<p>\u2014 Gabriel Iezzi (@gabrieliezzi) <a href=\"https:\/\/twitter.com\/gabrieliezzi\/status\/922492945277898753?ref_src=twsrc%5Etfw\">23 de octubre de 2017<\/a><\/p><\/blockquote>\n<p><script async src=\"\/\/platform.twitter.com\/widgets.js\" charset=\"utf-8\"><\/script><\/p>\n<blockquote class=\"twitter-tweet\" data-lang=\"es\">\n<p dir=\"ltr\" lang=\"es\">Pablo Alvarez se present\u00f3 en la Comisar\u00eda 1ra de Avelllaneda y se notific\u00f3 de la perimetral judicial ordenada \/<a href=\"https:\/\/twitter.com\/arielholan_DT?ref_src=twsrc%5Etfw\">@arielholan_DT<\/a><\/p>\n<p>\u2014 Gabriel Iezzi (@gabrieliezzi) <a href=\"https:\/\/twitter.com\/gabrieliezzi\/status\/922541761339232256?ref_src=twsrc%5Etfw\">23 de octubre de 2017<\/a><\/p><\/blockquote>\n<p><script async src=\"\/\/platform.twitter.com\/widgets.js\" charset=\"utf-8\"><\/script><\/p>\n","protected":false},"excerpt":{"rendered":"<p>Luego del episodio que vivi\u00f3 Ariel Holan la semana pasada y tras la declaraci\u00f3n del s\u00e1bado en los Tribunales de Lomas de Zamora, el t\u00e9cnico de Independiente y su familia qued\u00f3 bajo custodia policial. Adem\u00e1s, la justicia orden\u00f3 una medida perimetral para con los l\u00edderes de la barra. Y un d\u00eda volvieron los patrulleros a [&hellip;]<\/p>\n","protected":false},"author":21,"featured_media":73422,"comment_status":"open","ping_status":"closed","sticky":false,"template":"","format":"standard","meta":{"_links_to":"","_links_to_target":""},"categories":[3280,3247],"tags":[2998,1088],"_links":{"self":[{"href":"https:\/\/www.locoxelrojo.com\/independiente\/wp-json\/wp\/v2\/posts\/73421"}],"collection":[{"href":"https:\/\/www.locoxelrojo.com\/independiente\/wp-json\/wp\/v2\/posts"}],"about":[{"href":"https:\/\/www.locoxelrojo.com\/independiente\/wp-json\/wp\/v2\/types\/post"}],"author":[{"embeddable":true,"href":"https:\/\/www.locoxelrojo.com\/independiente\/wp-json\/wp\/v2\/users\/21"}],"replies":[{"embeddable":true,"href":"https:\/\/www.locoxelrojo.com\/independiente\/wp-json\/wp\/v2\/comments?post=73421"}],"version-history":[{"count":0,"href":"https:\/\/www.locoxelrojo.com\/independiente\/wp-json\/wp\/v2\/posts\/73421\/revisions"}],"wp:featuredmedia":[{"embeddable":true,"href":"https:\/\/www.locoxelrojo.com\/independiente\/wp-json\/wp\/v2\/media\/73422"}],"wp:attachment":[{"href":"https:\/\/www.locoxelrojo.com\/independiente\/wp-json\/wp\/v2\/media?parent=73421"}],"wp:term":[{"taxonomy":"category","embeddable":true,"href":"https:\/\/www.locoxelrojo.com\/independiente\/wp-json\/wp\/v2\/categories?post=73421"},{"taxonomy":"post_tag","embeddable":true,"href":"https:\/\/www.locoxelrojo.com\/independiente\/wp-json\/wp\/v2\/tags?post=73421"}],"curies":[{"name":"wp","href":"https:\/\/api.w.org\/{rel}","templated":true}]}}