{"id":7344,"date":"2011-04-29T23:28:49","date_gmt":"2011-04-30T02:28:49","guid":{"rendered":"http:\/\/www.locoxelrojo.com.ar\/independiente\/?p=7344"},"modified":"2015-09-10T03:51:13","modified_gmt":"2015-09-10T06:51:13","slug":"mohamed-busse-debera-disculparse-con-el-grupo","status":"publish","type":"post","link":"https:\/\/www.locoxelrojo.com\/independiente\/2011\/04\/29\/mohamed-busse-debera-disculparse-con-el-grupo\/","title":{"rendered":"Mohamed: &#8220;Busse deber\u00e1 disculparse con el grupo&#8221;"},"content":{"rendered":"<p><a href=\"http:\/\/www.locoxelrojo.com.ar\/independiente\/wp-content\/uploads\/2011\/04\/turcodt.jpg\"><img loading=\"lazy\" class=\"alignnone size-full wp-image-7345\" title=\"turcodt\" src=\"http:\/\/www.locoxelrojo.com.ar\/independiente\/wp-content\/uploads\/2011\/04\/turcodt.jpg\" alt=\"\" width=\"590\" height=\"315\" srcset=\"https:\/\/locoxelrojo.com\/independiente\/wp-content\/uploads\/2011\/04\/turcodt.jpg 590w, https:\/\/locoxelrojo.com\/independiente\/wp-content\/uploads\/2011\/04\/turcodt-300x160.jpg 300w\" sizes=\"(max-width: 590px) 100vw, 590px\" \/><\/a><\/p>\n<p><strong>Antonio Mohamed habl\u00f3 en el programa \u201cUn Buen Momento\u201d por La Red con Mariano Closs.<\/strong> El t\u00e9cnico aprovech\u00f3 para hablar sobre el caso Busse, sobre Batti\u00f3n y del presente Institucional y Futbol\u00edstico del Club.<\/p>\n<p><strong>\u201cLo que le pas\u00f3 a Walter le pudo haber pasado a cualquiera, pero el es una persona p\u00fablica. Hay que darle el apoyo necesario y que se reinserte lo m\u00e1s r\u00e1pido posible al grupo. Como en todo caso p\u00fablico hay gente que opinar\u00e1, que har\u00e1 bromas y nosotros tendremos que contenerlo y apoyarlo\u201d<\/strong>, declar\u00f3 el DT.<\/p>\n<p><strong>\u201cEl primero tendr\u00e1 que arreglar sus problemas personales, con su familia, con la familia de su novia. Seguramente la semana que viene ya estar\u00e1 trabajando con nosotros a la par del grupo y cuando tenga sus problemas solucionados y este bien de la cabeza podr\u00e1 empezar a pensar en lo deportivo\u201d<\/strong> dijo el t\u00e9cnico.<\/p>\n<p><strong>\u201cEs una situaci\u00f3n incomoda para todos lo que a \u00e9l le toco vivir. Vamos a saber cual fue la verdad, nosotros y el grupo escucharemos sus razones, su pedido de disculpas y despu\u00e9s veremos como sigue la cosa\u201d<\/strong>, manifest\u00f3.<\/p>\n<p><strong>\u201cSi debido a la lesi\u00f3n de Cabrera pudo subir un par de pelda\u00f1os y ubicarse atr\u00e1s de Fredes en mi consideraci\u00f3n, con esto que pas\u00f3 tendr\u00e1 que bajar unos pelda\u00f1os m\u00e1s y seguir luch\u00e1ndola\u201d<\/strong>, sentenci\u00f3 el Turco quien d\u00edas atr\u00e1s se mostr\u00f3 conforme con los minutos jugados por Walter en los partidos que le toc\u00f3 ingresar.<\/p>\n<p>Sobre el caso Batti\u00f3n mantuvo su discurso. <strong>\u201cEs un tema que lo hablamos con \u00e9l, escuchamos lo que \u00e9l necesitaba, lo que \u00e9l quer\u00eda y vamos a tratar de darle una soluci\u00f3n moment\u00e1nea. Quedan 8 partidos es un activo del Club y vamos a tratar de sacar lo mejor de \u00e9l\u201d.<\/strong><\/p>\n<p><strong>\u201cEn algunos sectores hay mucha mala intenci\u00f3n. Cuando es un a\u00f1o pol\u00edtico aparecen quienes quieren desestabilizar las cosas desde adentro. Se inventan cosas, peleas, incluso cuando ocurre algo cierto como fue el caso Batti\u00f3n. Con Roberto pas\u00f3 que sali\u00f3 de la cancha diciendo cosas que se ten\u00edan que hablar dentro del grupo, cuando entr\u00f3 al vestuario se le hizo callar la boca y hablarlo en la semana nada m\u00e1s. No hubo ning\u00fan intento de agresi\u00f3n ni de parte nuestra, ni de \u00e9l\u201d<\/strong>, aclar\u00f3 Mohamed tratando de ponerle punto final a un tema que va a dar que hablar y mucho a partir de Junio cuando finalice est\u00e1 temporada.<\/p>\n<p>Sobre el presente futbol\u00edstico y lo que viene en un futuro para Independiente el Turco dijo que el pr\u00f3ximo semestre es el m\u00e1s importante en a\u00f1os. <strong>\u201cGanando 4 de los 8 partidos que quedan vamos a estar bien. Vamos a tratar de ganar m\u00e1s, pero ganando estos 4, Independiente comenzar\u00eda en los promedios arriba como comenz\u00f3 esta temporada. Hay que pasar estos partidos y pensar en el semestre que viene que es el m\u00e1s importante de los \u00faltimos tiempos. Tenemos que jugar 3 Copas y vamos a intentar organizarnos bien para poder hacer frente a todo\u201d<\/strong>, cerr\u00f3.<\/p>\n<p><strong>Escuch\u00e1 el Audio Completo:<\/strong><\/p>\n<p><object id=\"divplaylist\" width=\"335\" height=\"28\" classid=\"clsid:d27cdb6e-ae6d-11cf-96b8-444553540000\" codebase=\"http:\/\/download.macromedia.com\/pub\/shockwave\/cabs\/flash\/swflash.cab#version=6,0,40,0\"><param name=\"src\" value=\"http:\/\/www.divshare.com\/flash\/playlist?myId=14708968-d89\" \/><param name=\"name\" value=\"divplaylist\" \/><embed id=\"divplaylist\" type=\"application\/x-shockwave-flash\" width=\"335\" height=\"28\" src=\"http:\/\/www.divshare.com\/flash\/playlist?myId=14708968-d89\" name=\"divplaylist\"><\/embed><\/object><\/p>\n","protected":false},"excerpt":{"rendered":"<p>Antonio Mohamed habl\u00f3 en el programa \u201cUn Buen Momento\u201d por La Red con Mariano Closs. El t\u00e9cnico aprovech\u00f3 para hablar sobre el caso Busse, sobre Batti\u00f3n y del presente Institucional y Futbol\u00edstico del Club. \u201cLo que le pas\u00f3 a Walter le pudo haber pasado a cualquiera, pero el es una persona p\u00fablica. Hay que darle [&hellip;]<\/p>\n","protected":false},"author":1,"featured_media":0,"comment_status":"open","ping_status":"open","sticky":false,"template":"","format":"standard","meta":{"_links_to":"","_links_to_target":""},"categories":[3,1],"tags":[115,153,425,426,31,484,28],"_links":{"self":[{"href":"https:\/\/www.locoxelrojo.com\/independiente\/wp-json\/wp\/v2\/posts\/7344"}],"collection":[{"href":"https:\/\/www.locoxelrojo.com\/independiente\/wp-json\/wp\/v2\/posts"}],"about":[{"href":"https:\/\/www.locoxelrojo.com\/independiente\/wp-json\/wp\/v2\/types\/post"}],"author":[{"embeddable":true,"href":"https:\/\/www.locoxelrojo.com\/independiente\/wp-json\/wp\/v2\/users\/1"}],"replies":[{"embeddable":true,"href":"https:\/\/www.locoxelrojo.com\/independiente\/wp-json\/wp\/v2\/comments?post=7344"}],"version-history":[{"count":0,"href":"https:\/\/www.locoxelrojo.com\/independiente\/wp-json\/wp\/v2\/posts\/7344\/revisions"}],"wp:attachment":[{"href":"https:\/\/www.locoxelrojo.com\/independiente\/wp-json\/wp\/v2\/media?parent=7344"}],"wp:term":[{"taxonomy":"category","embeddable":true,"href":"https:\/\/www.locoxelrojo.com\/independiente\/wp-json\/wp\/v2\/categories?post=7344"},{"taxonomy":"post_tag","embeddable":true,"href":"https:\/\/www.locoxelrojo.com\/independiente\/wp-json\/wp\/v2\/tags?post=7344"}],"curies":[{"name":"wp","href":"https:\/\/api.w.org\/{rel}","templated":true}]}}