{"id":73454,"date":"2017-10-25T16:10:53","date_gmt":"2017-10-25T19:10:53","guid":{"rendered":"http:\/\/www.locoxelrojo.com\/independiente\/?p=73454"},"modified":"2017-10-25T16:10:53","modified_gmt":"2017-10-25T19:10:53","slug":"nakis-los-dirigentes-no-reconocen-pagaron-entradas-pasajes-los-barras","status":"publish","type":"post","link":"https:\/\/www.locoxelrojo.com\/independiente\/2017\/10\/25\/nakis-los-dirigentes-no-reconocen-pagaron-entradas-pasajes-los-barras\/","title":{"rendered":"Nakis: &#8220;\u00bfPor qu\u00e9 los dirigentes no reconocen que pagaron entradas y pasajes a los barras?&#8221;"},"content":{"rendered":"<p>El vicepresidente de Independiente estall\u00f3 contra los pares de Comisi\u00f3n Directiva al bajarlo de la delegaci\u00f3n que viaj\u00f3 a Paraguay: <strong>&#8220;\u00bfC\u00f3mo me van a bajar del avi\u00f3n? Hay gente con pocos huevos para afrontar las cosas y decirlas en la cara&#8221;<\/strong>.<\/p>\n<p><strong>&#8220;Siempre me pagu\u00e9 mis pasajes al exterior, al interior y la hoteler\u00eda. Me pone muy mal y triste que lo hayan hecho a trav\u00e9s de una secretaria. Pero hay gente con pocos huevos para afrontar las cosas y decirlas en la cara&#8221;<\/strong>, dijo Noray Nakis en los micr\u00f3fonos de Radio Belgrano. <strong>&#8220;Yo trabajo para dar la paz en Independiente \u00bfC\u00f3mo me van a bajar del avi\u00f3n? Yo quiero que este club gane y sea la mejor instituci\u00f3n del pa\u00eds. Y si voy, se que va a haber un malestar. No tengo porque soportar semejantes cosas en un pa\u00eds libre donde pod\u00e9s expresarte&#8221;<\/strong>, agreg\u00f3.<\/p>\n<p><strong>&#8220;Que venga alguno de todos los dirigentes a decirme que no tiene relaci\u00f3n con \u00e9l. No hay ninguno que no lo conozca, que no se haya reunido con \u00e9l \u00bfPor qu\u00e9 no reconocen que pagaron entradas y pasajes a los barras? Que no se escondan. Porque yo jam\u00e1s les di un peso, pero no digo que no los conozco. La \u00fanica relaci\u00f3n que ten\u00e9s que tener, es saber ponerles l\u00edmites&#8221;<\/strong>, dispar\u00f3.<\/p>\n<p>Para finalizar, <a href=\"https:\/\/www.locoxelrojo.com\/independiente\/2017\/10\/23\/noray-nakis-no-me-interesa-mas-la-politica-en-independiente\/\">reiter\u00f3 que no integrar\u00e1 la lista del oficialismo<\/a> en las elecciones del mes de diciembre. <strong>&#8220;Por suerte no voy a estar en el oficialismo en la pr\u00f3xima gesti\u00f3n. No renunci\u00e9, porque nunca renuncio a nada, pero no me dejaron participar en ninguna decisi\u00f3n. Y seguramente hubieron cosas que yo no hubiese dejado que se hicieran. Ac\u00e1, en 3 a\u00f1os y medio, no hubo una sola reuni\u00f3n de comisi\u00f3n directiva&#8221;<\/strong>, cerr\u00f3.<\/p>\n","protected":false},"excerpt":{"rendered":"<p>El vicepresidente de Independiente estall\u00f3 contra los pares de Comisi\u00f3n Directiva al bajarlo de la delegaci\u00f3n que viaj\u00f3 a Paraguay: &#8220;\u00bfC\u00f3mo me van a bajar del avi\u00f3n? Hay gente con pocos huevos para afrontar las cosas y decirlas en la cara&#8221;. &#8220;Siempre me pagu\u00e9 mis pasajes al exterior, al interior y la hoteler\u00eda. Me pone [&hellip;]<\/p>\n","protected":false},"author":1,"featured_media":73455,"comment_status":"open","ping_status":"closed","sticky":false,"template":"","format":"standard","meta":{"_links_to":"","_links_to_target":""},"categories":[3280,3247],"tags":[50],"_links":{"self":[{"href":"https:\/\/www.locoxelrojo.com\/independiente\/wp-json\/wp\/v2\/posts\/73454"}],"collection":[{"href":"https:\/\/www.locoxelrojo.com\/independiente\/wp-json\/wp\/v2\/posts"}],"about":[{"href":"https:\/\/www.locoxelrojo.com\/independiente\/wp-json\/wp\/v2\/types\/post"}],"author":[{"embeddable":true,"href":"https:\/\/www.locoxelrojo.com\/independiente\/wp-json\/wp\/v2\/users\/1"}],"replies":[{"embeddable":true,"href":"https:\/\/www.locoxelrojo.com\/independiente\/wp-json\/wp\/v2\/comments?post=73454"}],"version-history":[{"count":0,"href":"https:\/\/www.locoxelrojo.com\/independiente\/wp-json\/wp\/v2\/posts\/73454\/revisions"}],"wp:featuredmedia":[{"embeddable":true,"href":"https:\/\/www.locoxelrojo.com\/independiente\/wp-json\/wp\/v2\/media\/73455"}],"wp:attachment":[{"href":"https:\/\/www.locoxelrojo.com\/independiente\/wp-json\/wp\/v2\/media?parent=73454"}],"wp:term":[{"taxonomy":"category","embeddable":true,"href":"https:\/\/www.locoxelrojo.com\/independiente\/wp-json\/wp\/v2\/categories?post=73454"},{"taxonomy":"post_tag","embeddable":true,"href":"https:\/\/www.locoxelrojo.com\/independiente\/wp-json\/wp\/v2\/tags?post=73454"}],"curies":[{"name":"wp","href":"https:\/\/api.w.org\/{rel}","templated":true}]}}