{"id":73485,"date":"2017-10-25T20:20:32","date_gmt":"2017-10-25T23:20:32","guid":{"rendered":"http:\/\/www.locoxelrojo.com\/independiente\/?p=73485"},"modified":"2017-10-26T17:58:15","modified_gmt":"2017-10-26T20:58:15","slug":"albertengo-una-revancha-despues-de-lo-mal-la-habia-pasado-aca","status":"publish","type":"post","link":"https:\/\/www.locoxelrojo.com\/independiente\/2017\/10\/25\/albertengo-una-revancha-despues-de-lo-mal-la-habia-pasado-aca\/","title":{"rendered":"Albertengo: &#8220;Era una revancha despu\u00e9s de lo mal que la hab\u00eda pasado ac\u00e1&#8221;"},"content":{"rendered":"<p><strong>Lucas Albertengo<\/strong> dialog\u00f3 con la prensa luego de lo que fue la victoria ante Nacional de Paraguay por 4-1 en el Estadio Defensores del Chaco.<\/p>\n<p>En primera instancia, se refiri\u00f3 a su mejor\u00eda en lo f\u00edsico: <strong>&#8220;Me siento con m\u00e1s ritmo, estoy mejor f\u00edsicamente. Recuper\u00e9 bastante desde lo f\u00edsico&#8221;<\/strong>.\u00a0Asimismo, record\u00f3 que en ese mismo estadio hab\u00eda sufrido la peor lesi\u00f3n en su carrera deportiva:\u00a0<strong>&#8220;Hoy era una especie de revancha despu\u00e9s de lo mal que la hab\u00eda pasado ac\u00e1&#8221;<\/strong>.<\/p>\n<p>El delantero, que convirti\u00f3 hoy su segundo tanto en la Copa Conmebol Sudamericana 2017, evalu\u00f3 la posici\u00f3n que le toca ocupar cuando comparte terreno con su compa\u00f1ero, Leandro Fern\u00e1ndez: <strong>&#8220;Es una posici\u00f3n que de a poco le voy tomando la mano. Trato de adaptarme a la posici\u00f3n que me pide el t\u00e9cnico&#8221;<\/strong>.<\/p>\n<p>Por otra parte, el ex Atl\u00e9tico Rafaela destac\u00f3 la sociedad entre \u00e9l y Fern\u00e1ndez: <strong>&#8220;Nos sentimos muy c\u00f3modos todos los que jugamos arriba, no es un equipo ego\u00edsta, qued\u00f3 demostrado en la jugada que pudimos hacer unos pases en el \u00e1rea. No importa qui\u00e9n hace los goles&#8221;<\/strong>.<\/p>\n","protected":false},"excerpt":{"rendered":"<p>Lucas Albertengo dialog\u00f3 con la prensa luego de lo que fue la victoria ante Nacional de Paraguay por 4-1 en el Estadio Defensores del Chaco. En primera instancia, se refiri\u00f3 a su mejor\u00eda en lo f\u00edsico: &#8220;Me siento con m\u00e1s ritmo, estoy mejor f\u00edsicamente. Recuper\u00e9 bastante desde lo f\u00edsico&#8221;.\u00a0Asimismo, record\u00f3 que en ese mismo estadio [&hellip;]<\/p>\n","protected":false},"author":24,"featured_media":73486,"comment_status":"open","ping_status":"closed","sticky":false,"template":"","format":"standard","meta":{"_links_to":"","_links_to_target":""},"categories":[7,3247],"tags":[153,3388,3347,2839,3639],"_links":{"self":[{"href":"https:\/\/www.locoxelrojo.com\/independiente\/wp-json\/wp\/v2\/posts\/73485"}],"collection":[{"href":"https:\/\/www.locoxelrojo.com\/independiente\/wp-json\/wp\/v2\/posts"}],"about":[{"href":"https:\/\/www.locoxelrojo.com\/independiente\/wp-json\/wp\/v2\/types\/post"}],"author":[{"embeddable":true,"href":"https:\/\/www.locoxelrojo.com\/independiente\/wp-json\/wp\/v2\/users\/24"}],"replies":[{"embeddable":true,"href":"https:\/\/www.locoxelrojo.com\/independiente\/wp-json\/wp\/v2\/comments?post=73485"}],"version-history":[{"count":0,"href":"https:\/\/www.locoxelrojo.com\/independiente\/wp-json\/wp\/v2\/posts\/73485\/revisions"}],"wp:featuredmedia":[{"embeddable":true,"href":"https:\/\/www.locoxelrojo.com\/independiente\/wp-json\/wp\/v2\/media\/73486"}],"wp:attachment":[{"href":"https:\/\/www.locoxelrojo.com\/independiente\/wp-json\/wp\/v2\/media?parent=73485"}],"wp:term":[{"taxonomy":"category","embeddable":true,"href":"https:\/\/www.locoxelrojo.com\/independiente\/wp-json\/wp\/v2\/categories?post=73485"},{"taxonomy":"post_tag","embeddable":true,"href":"https:\/\/www.locoxelrojo.com\/independiente\/wp-json\/wp\/v2\/tags?post=73485"}],"curies":[{"name":"wp","href":"https:\/\/api.w.org\/{rel}","templated":true}]}}