{"id":7350,"date":"2011-04-30T16:12:18","date_gmt":"2011-04-30T19:12:18","guid":{"rendered":"http:\/\/www.locoxelrojo.com.ar\/independiente\/?p=7350"},"modified":"2015-09-10T03:51:48","modified_gmt":"2015-09-10T06:51:48","slug":"novedades-en-la-lista-de-concentrados","status":"publish","type":"post","link":"https:\/\/www.locoxelrojo.com\/independiente\/2011\/04\/30\/novedades-en-la-lista-de-concentrados\/","title":{"rendered":"Concentrados vs. Boca"},"content":{"rendered":"<p><a href=\"http:\/\/www.locoxelrojo.com.ar\/independiente\/wp-content\/uploads\/2011\/04\/martinez_busse.jpg\"><img loading=\"lazy\" class=\"alignnone size-full wp-image-7351\" title=\"martinez_busse\" src=\"http:\/\/www.locoxelrojo.com.ar\/independiente\/wp-content\/uploads\/2011\/04\/martinez_busse.jpg\" alt=\"\" width=\"590\" height=\"315\" srcset=\"https:\/\/locoxelrojo.com\/independiente\/wp-content\/uploads\/2011\/04\/martinez_busse.jpg 590w, https:\/\/locoxelrojo.com\/independiente\/wp-content\/uploads\/2011\/04\/martinez_busse-300x160.jpg 300w\" sizes=\"(max-width: 590px) 100vw, 590px\" \/><\/a><\/p>\n<p>Luego de la pr\u00e1ctica matutina Antonio Mohamed dio la lista de concentrados para visitar a Boca Juniors el pr\u00f3ximo lunes a la 20:20. Entre los convocados, qued\u00f3 afuera Adrian Gabbarini tras la vuelta de Hilario Navarro. Si bien la renovaci\u00f3n de contrato de Fabi\u00e1n Assman hoy es complicada, el t\u00e9cnico lo elige por motivos futbol\u00edsticos para ocupar un lugar en el banco de los suplentes. As\u00ed, el DT muestra que los jugadore que no renovaran v\u00ednculo son tenidos en cuenta de la misma forma que los que seguir\u00e1n en el segundo semestre.<\/p>\n<p>En cuanto a los defensores, hay varias novedades. En la lista estar\u00e1n Gabriel Vall\u00e9s y se col\u00f3 Javier B\u00e1ez. Entre los volantes, habiendo quedado desafectado Walter Busse, se sumaron Nicolas Martinez, Lucas Villafa\u00f1ez y Federico Mancuello.<\/p>\n<p><strong><em>A continuaci\u00f3n, la lista completa:<\/em><\/strong><\/p>\n<p><strong>Arqueros:<\/strong> Hilario\u00a0Navarro, Fabi\u00e1n\u00a0Assmann.<br \/>\n<strong>Defensores:<\/strong> Carlos\u00a0Matheu, Eduardo\u00a0Tuzzio, Gabriel\u00a0Vall\u00e9s, Maximiliano Vel\u00e1zquez, Juli\u00e1n Vel\u00e1zquez,\u00a0Iv\u00e1n\u00a0V\u00e9lez, Cristian\u00a0B\u00e1ez, Leonel Galeano.<br \/>\n<strong>Volantes:<\/strong> Hern\u00e1n\u00a0Fredes, Federico\u00a0Mancuello, Cristian\u00a0Pellerano, Lucas Villafa\u00f1ez, Roberto\u00a0Batti\u00f3n, Nicol\u00e1s Mart\u00ednez.<br \/>\n<strong>Delanteros:<\/strong> Leonel\u00a0N\u00fa\u00f1ez, Andr\u00e9s\u00a0Silvera, Patricio Rodr\u00edguez y Facundo\u00a0Parra.<\/p>\n","protected":false},"excerpt":{"rendered":"<p>Luego de la pr\u00e1ctica matutina Antonio Mohamed dio la lista de concentrados para visitar a Boca Juniors el pr\u00f3ximo lunes a la 20:20. Entre los convocados, qued\u00f3 afuera Adrian Gabbarini tras la vuelta de Hilario Navarro. Si bien la renovaci\u00f3n de contrato de Fabi\u00e1n Assman hoy es complicada, el t\u00e9cnico lo elige por motivos futbol\u00edsticos [&hellip;]<\/p>\n","protected":false},"author":1,"featured_media":0,"comment_status":"open","ping_status":"open","sticky":false,"template":"","format":"standard","meta":{"_links_to":"","_links_to_target":""},"categories":[3,1],"tags":[395,153,2822],"_links":{"self":[{"href":"https:\/\/www.locoxelrojo.com\/independiente\/wp-json\/wp\/v2\/posts\/7350"}],"collection":[{"href":"https:\/\/www.locoxelrojo.com\/independiente\/wp-json\/wp\/v2\/posts"}],"about":[{"href":"https:\/\/www.locoxelrojo.com\/independiente\/wp-json\/wp\/v2\/types\/post"}],"author":[{"embeddable":true,"href":"https:\/\/www.locoxelrojo.com\/independiente\/wp-json\/wp\/v2\/users\/1"}],"replies":[{"embeddable":true,"href":"https:\/\/www.locoxelrojo.com\/independiente\/wp-json\/wp\/v2\/comments?post=7350"}],"version-history":[{"count":0,"href":"https:\/\/www.locoxelrojo.com\/independiente\/wp-json\/wp\/v2\/posts\/7350\/revisions"}],"wp:attachment":[{"href":"https:\/\/www.locoxelrojo.com\/independiente\/wp-json\/wp\/v2\/media?parent=7350"}],"wp:term":[{"taxonomy":"category","embeddable":true,"href":"https:\/\/www.locoxelrojo.com\/independiente\/wp-json\/wp\/v2\/categories?post=7350"},{"taxonomy":"post_tag","embeddable":true,"href":"https:\/\/www.locoxelrojo.com\/independiente\/wp-json\/wp\/v2\/tags?post=7350"}],"curies":[{"name":"wp","href":"https:\/\/api.w.org\/{rel}","templated":true}]}}