{"id":73507,"date":"2017-10-25T20:01:22","date_gmt":"2017-10-25T23:01:22","guid":{"rendered":"http:\/\/www.locoxelrojo.com\/independiente\/?p=73507"},"modified":"2017-10-26T18:06:28","modified_gmt":"2017-10-26T21:06:28","slug":"la-espectacular-cinta-de-capitan-lucio-campana","status":"publish","type":"post","link":"https:\/\/www.locoxelrojo.com\/independiente\/2017\/10\/25\/la-espectacular-cinta-de-capitan-lucio-campana\/","title":{"rendered":"La espectacular cinta de capit\u00e1n que luci\u00f3 Campa\u00f1a"},"content":{"rendered":"<p>Una vez finalizado el encuentro, <strong>Mart\u00edn Campa\u00f1a celebr\u00f3 el triunfazo frente a Nacional\u00a0de Paraguay a trav\u00e9s de las redes sociales con una foto muy particular<\/strong>.<\/p>\n<p>Teniendo en cuenta que fue capit\u00e1n del equipo por la ausencia de Nicol\u00e1s Tagliafico (cumpli\u00f3 la fecha de suspensi\u00f3n), <strong>le sac\u00f3 una foto al brazalete\u00a0que us\u00f3 durante el\u00a0encuentro<\/strong>.<\/p>\n<p>En la cinta en cuesti\u00f3n hay una foto hist\u00f3rica de uno de los tantos planteles del Rojo que\u00a0realiz\u00f3\u00a0el m\u00edtico saludo.\u00a0<strong>&#8220;Gracias Tagliafico por esta hermosa\u00a0cinta\u00a0representando todo una historia&#8221;<\/strong>, escribi\u00f3 el arquero al pie de la imagen. \u00a1Mir\u00e1!<\/p>\n<blockquote class=\"twitter-tweet\" data-lang=\"es\">\n<p dir=\"ltr\" lang=\"es\">Gran esfuerzo banda!!!&#x1f4aa;&#x1f4aa;&#x1f4aa; <a href=\"https:\/\/twitter.com\/nico_taglia?ref_src=twsrc%5Etfw\">@nico_taglia<\/a> gracias por esta hermosa cinta representando toda una historia. <a href=\"https:\/\/t.co\/SMVU7k4skG\">pic.twitter.com\/SMVU7k4skG<\/a><\/p>\n<p>\u2014 Mart\u00edn Campa\u00f1a (@campi1289) <a href=\"https:\/\/twitter.com\/campi1289\/status\/923351256852201472?ref_src=twsrc%5Etfw\">26 de octubre de 2017<\/a><\/p><\/blockquote>\n<p><script async src=\"https:\/\/platform.twitter.com\/widgets.js\" charset=\"utf-8\"><\/script><\/p>\n","protected":false},"excerpt":{"rendered":"<p>Una vez finalizado el encuentro, Mart\u00edn Campa\u00f1a celebr\u00f3 el triunfazo frente a Nacional\u00a0de Paraguay a trav\u00e9s de las redes sociales con una foto muy particular. Teniendo en cuenta que fue capit\u00e1n del equipo por la ausencia de Nicol\u00e1s Tagliafico (cumpli\u00f3 la fecha de suspensi\u00f3n), le sac\u00f3 una foto al brazalete\u00a0que us\u00f3 durante el\u00a0encuentro. En la [&hellip;]<\/p>\n","protected":false},"author":19,"featured_media":73508,"comment_status":"open","ping_status":"closed","sticky":false,"template":"","format":"standard","meta":{"_links_to":"","_links_to_target":""},"categories":[3247,3363],"tags":[153,3347,3126,3639,1600,538],"_links":{"self":[{"href":"https:\/\/www.locoxelrojo.com\/independiente\/wp-json\/wp\/v2\/posts\/73507"}],"collection":[{"href":"https:\/\/www.locoxelrojo.com\/independiente\/wp-json\/wp\/v2\/posts"}],"about":[{"href":"https:\/\/www.locoxelrojo.com\/independiente\/wp-json\/wp\/v2\/types\/post"}],"author":[{"embeddable":true,"href":"https:\/\/www.locoxelrojo.com\/independiente\/wp-json\/wp\/v2\/users\/19"}],"replies":[{"embeddable":true,"href":"https:\/\/www.locoxelrojo.com\/independiente\/wp-json\/wp\/v2\/comments?post=73507"}],"version-history":[{"count":0,"href":"https:\/\/www.locoxelrojo.com\/independiente\/wp-json\/wp\/v2\/posts\/73507\/revisions"}],"wp:featuredmedia":[{"embeddable":true,"href":"https:\/\/www.locoxelrojo.com\/independiente\/wp-json\/wp\/v2\/media\/73508"}],"wp:attachment":[{"href":"https:\/\/www.locoxelrojo.com\/independiente\/wp-json\/wp\/v2\/media?parent=73507"}],"wp:term":[{"taxonomy":"category","embeddable":true,"href":"https:\/\/www.locoxelrojo.com\/independiente\/wp-json\/wp\/v2\/categories?post=73507"},{"taxonomy":"post_tag","embeddable":true,"href":"https:\/\/www.locoxelrojo.com\/independiente\/wp-json\/wp\/v2\/tags?post=73507"}],"curies":[{"name":"wp","href":"https:\/\/api.w.org\/{rel}","templated":true}]}}