{"id":7359,"date":"2011-05-01T19:52:12","date_gmt":"2011-05-01T22:52:12","guid":{"rendered":"http:\/\/www.locoxelrojo.com.ar\/independiente\/?p=7359"},"modified":"2011-05-01T19:52:48","modified_gmt":"2011-05-01T22:52:48","slug":"todo-listo-2","status":"publish","type":"post","link":"https:\/\/www.locoxelrojo.com\/independiente\/2011\/05\/01\/todo-listo-2\/","title":{"rendered":"Todo listo"},"content":{"rendered":"<p><a href=\"http:\/\/www.locoxelrojo.com.ar\/independiente\/wp-content\/uploads\/2011\/05\/independiente-dominico.jpg\"><img loading=\"lazy\" class=\"alignnone size-full wp-image-7360\" title=\"independiente-dominico\" src=\"http:\/\/www.locoxelrojo.com.ar\/independiente\/wp-content\/uploads\/2011\/05\/independiente-dominico.jpg\" alt=\"\" width=\"590\" height=\"315\" srcset=\"https:\/\/locoxelrojo.com\/independiente\/wp-content\/uploads\/2011\/05\/independiente-dominico.jpg 590w, https:\/\/locoxelrojo.com\/independiente\/wp-content\/uploads\/2011\/05\/independiente-dominico-300x160.jpg 300w\" sizes=\"(max-width: 590px) 100vw, 590px\" \/><\/a><\/p>\n<p>En el D\u00eda del Trabajador Independiente no se tom\u00f3 descanso y entren\u00f3 en Villa Dominico en vistas al partido de ma\u00f1ana en La Bombonera frente a Boca Juniors. <strong>Mohamed realiz\u00f3 una pr\u00e1ctica de f\u00fatbol y luego trabajos con pelota parada con los mismos once que par\u00f3 en la pr\u00e1ctica de ayer.<\/strong><\/p>\n<p><strong>Para los titulares estuvieron: Hilario Navarro; Carlos Matheu, Eduardo Tuzzio, Juli\u00e1n Vel\u00e1zquez; Iv\u00e1n V\u00e9lez, Cristian Pellerano, Hern\u00e1n Fredes, Maximiliano V\u00e9lazquez; Patricio Rodr\u00edguez; Facundo Parra y Andr\u00e9s Silvera.<\/strong><\/p>\n<p>Los lesionados (Iv\u00e1n P\u00e9rez, Mat\u00edas Defederico, Nicol\u00e1s Cabrera, Samuel Caceres y Fernando Godoy) estuvieron haciendo tareas de Kinesiolog\u00eda en el gimnasio del predio. Mientr\u00e1s que Leandro Graci\u00e1n y Lucas Mareque s\u00f3lo se dedicaron a trotar. Recordemos que Graci\u00e1n no puede participar del encuentro por la clausula de su contrato ya que el jugador pertenece a Boca. Por su parte Mareque no trabaj\u00f3 con total normalidad en la semana por un estado febril.<\/p>\n","protected":false},"excerpt":{"rendered":"<p>En el D\u00eda del Trabajador Independiente no se tom\u00f3 descanso y entren\u00f3 en Villa Dominico en vistas al partido de ma\u00f1ana en La Bombonera frente a Boca Juniors. Mohamed realiz\u00f3 una pr\u00e1ctica de f\u00fatbol y luego trabajos con pelota parada con los mismos once que par\u00f3 en la pr\u00e1ctica de ayer. Para los titulares estuvieron: [&hellip;]<\/p>\n","protected":false},"author":1,"featured_media":0,"comment_status":"open","ping_status":"open","sticky":false,"template":"","format":"standard","meta":{"_links_to":"","_links_to_target":""},"categories":[3,1],"tags":[115,193,153,29,187,38,69,379,108,192],"_links":{"self":[{"href":"https:\/\/www.locoxelrojo.com\/independiente\/wp-json\/wp\/v2\/posts\/7359"}],"collection":[{"href":"https:\/\/www.locoxelrojo.com\/independiente\/wp-json\/wp\/v2\/posts"}],"about":[{"href":"https:\/\/www.locoxelrojo.com\/independiente\/wp-json\/wp\/v2\/types\/post"}],"author":[{"embeddable":true,"href":"https:\/\/www.locoxelrojo.com\/independiente\/wp-json\/wp\/v2\/users\/1"}],"replies":[{"embeddable":true,"href":"https:\/\/www.locoxelrojo.com\/independiente\/wp-json\/wp\/v2\/comments?post=7359"}],"version-history":[{"count":0,"href":"https:\/\/www.locoxelrojo.com\/independiente\/wp-json\/wp\/v2\/posts\/7359\/revisions"}],"wp:attachment":[{"href":"https:\/\/www.locoxelrojo.com\/independiente\/wp-json\/wp\/v2\/media?parent=7359"}],"wp:term":[{"taxonomy":"category","embeddable":true,"href":"https:\/\/www.locoxelrojo.com\/independiente\/wp-json\/wp\/v2\/categories?post=7359"},{"taxonomy":"post_tag","embeddable":true,"href":"https:\/\/www.locoxelrojo.com\/independiente\/wp-json\/wp\/v2\/tags?post=7359"}],"curies":[{"name":"wp","href":"https:\/\/api.w.org\/{rel}","templated":true}]}}