{"id":737,"date":"2010-09-08T06:26:11","date_gmt":"2010-09-08T09:26:11","guid":{"rendered":"http:\/\/www.locoxelrojo.com.ar\/independiente\/?p=737"},"modified":"2010-09-08T06:26:11","modified_gmt":"2010-09-08T09:26:11","slug":"godoy-%e2%80%9cme-siento-en-deuda-con-gallego%e2%80%9d","status":"publish","type":"post","link":"https:\/\/www.locoxelrojo.com\/independiente\/2010\/09\/08\/godoy-%e2%80%9cme-siento-en-deuda-con-gallego%e2%80%9d\/","title":{"rendered":"Godoy: \u201cMe siento en deuda con Gallego\u201d"},"content":{"rendered":"<p><a href=\"http:\/\/www.locoxelrojo.com.ar\/independiente\/wp-content\/uploads\/2010\/09\/fergodoy.jpg\"><img loading=\"lazy\" class=\"alignnone size-full wp-image-738\" title=\"fergodoy\" src=\"http:\/\/www.locoxelrojo.com.ar\/independiente\/wp-content\/uploads\/2010\/09\/fergodoy.jpg\" alt=\"\" width=\"550\" height=\"315\" srcset=\"https:\/\/locoxelrojo.com\/independiente\/wp-content\/uploads\/2010\/09\/fergodoy.jpg 550w, https:\/\/locoxelrojo.com\/independiente\/wp-content\/uploads\/2010\/09\/fergodoy-300x171.jpg 300w\" sizes=\"(max-width: 550px) 100vw, 550px\" \/><\/a><\/p>\n<p>Fernando Godoy cont\u00f3 ayer por la noche en una charla en exclusiva con <strong>LXR Radio<\/strong> lo importante que fue para \u00e9l que un t\u00e9cnico como Am\u00e9rico Gallego lo haya subido a primera y le haya brindado todo su apoyo, tambi\u00e9n explic\u00f3 c\u00f3mo vio al equipo en el encuentro disputado contra Newell\u00b4s y habl\u00f3 sobre el partido de vuelta que se jugar\u00e1 este jueves por la Copa Sudamericana.<\/p>\n<p><strong>\u201cEl Tolo siempre me banc\u00f3 en las buenas y en las malas, me apoy\u00f3 y me dio buenos consejos\u201d<\/strong>, explic\u00f3 Godoy, quien el torneo pasado era muy resistido por los hinchas, y agreg\u00f3 que <strong>\u201cahora son solo palabras, pero espero alg\u00fan d\u00eda poder devolverle todo adentro de la cancha\u201d<\/strong>. Seg\u00fan cuenta, el hecho de haber sido dirigido y apoyado desde un principio por un t\u00e9cnico ganador en todo como lo es el Tolo, y que adem\u00e1s jug\u00f3 en su misma posici\u00f3n, lo hizo aprender muchas cosas en lo t\u00e1ctico.<\/p>\n<p>Si bien en un comienzo era un jugador no querido por la hinchada por su inexperiencia, fue cuando ingres\u00f3 en el encuentro contra Argentinos, por la segunda fecha del Torneo, que Fernando empez\u00f3 a destacarse: <strong>\u201cCreo que ese partido fue fundamental, hay un antes y un despu\u00e9s. Tengo mucha confianza y ganas de demostrar, siempre dejo todo en la cancha, no guardo nada\u201d.<\/strong><\/p>\n<p>Sobre el partido que el s\u00e1bado pasado Independiente disput\u00f3 contra Newell\u00b4s en Rosario, Godoy dijo que se mejor\u00f3 tanto en el juego como en la actitud y que a pesar de que se termin\u00f3 empatando, tuvieron muchas m\u00e1s llegadas que en otros partidos. <strong>\u201cFaltaba un gol m\u00e1s. Sab\u00edamos que en cualquier pelota parada o cualquier pelota que uno se descuide pod\u00eda llegar un gol. Si bien nosotros jugamos mejor, ellos jugaron bien, tuvieron la oportunidad y la concretaron\u201d<\/strong>, explic\u00f3. Cont\u00f3 tambi\u00e9n que se sinti\u00f3 c\u00f3modo jugando con Patricio Rodr\u00edguez y Leandro Graci\u00e1n de enganches, ya que como con el Pato comparti\u00f3 categor\u00edas y sabe como juega, como se mueve y hablan mucho; mientras que Graci\u00e1n <strong>\u201csiempre es una buena opci\u00f3n de pase\u201d<\/strong>, porque siempre se est\u00e1 mostrando y <strong>\u201cpor m\u00e1s que est\u00e9 marcado, me la pide\u201d.<\/strong><\/p>\n<p>Con respecto al cotejo que se jugar\u00e1 este jueves en el cual Independiente enfrentar\u00e1 a Argentinos Juniors por el partido de vuelta de la Copa Sudamericana, Fernando aclar\u00f3 que son concientes de que los jugadores del Bicho van a salir a buscar el partido, por lo cual ellos piensan estar tranquilos. Opina que la clave est\u00e1 en marcar bien a Ortigoza y Mercier y en intentar convertir un gol, ya que eso los complicar\u00eda a\u00fan m\u00e1s.<strong> \u201cTenemos que estar tranquilos y defender el arco con todo. Cuando ellos nos vengan a buscar se van a generar espacios, hay que aprovechar ah\u00ed\u201d<\/strong>, concluy\u00f3.<\/p>\n","protected":false},"excerpt":{"rendered":"<p>Fernando Godoy cont\u00f3 ayer por la noche en una charla en exclusiva con LXR Radio lo importante que fue para \u00e9l que un t\u00e9cnico como Am\u00e9rico Gallego lo haya subido a primera y le haya brindado todo su apoyo, tambi\u00e9n explic\u00f3 c\u00f3mo vio al equipo en el encuentro disputado contra Newell\u00b4s y habl\u00f3 sobre el [&hellip;]<\/p>\n","protected":false},"author":1,"featured_media":0,"comment_status":"open","ping_status":"open","sticky":false,"template":"","format":"standard","meta":{"_links_to":"","_links_to_target":""},"categories":[3,17,1],"tags":[29,3268],"_links":{"self":[{"href":"https:\/\/www.locoxelrojo.com\/independiente\/wp-json\/wp\/v2\/posts\/737"}],"collection":[{"href":"https:\/\/www.locoxelrojo.com\/independiente\/wp-json\/wp\/v2\/posts"}],"about":[{"href":"https:\/\/www.locoxelrojo.com\/independiente\/wp-json\/wp\/v2\/types\/post"}],"author":[{"embeddable":true,"href":"https:\/\/www.locoxelrojo.com\/independiente\/wp-json\/wp\/v2\/users\/1"}],"replies":[{"embeddable":true,"href":"https:\/\/www.locoxelrojo.com\/independiente\/wp-json\/wp\/v2\/comments?post=737"}],"version-history":[{"count":0,"href":"https:\/\/www.locoxelrojo.com\/independiente\/wp-json\/wp\/v2\/posts\/737\/revisions"}],"wp:attachment":[{"href":"https:\/\/www.locoxelrojo.com\/independiente\/wp-json\/wp\/v2\/media?parent=737"}],"wp:term":[{"taxonomy":"category","embeddable":true,"href":"https:\/\/www.locoxelrojo.com\/independiente\/wp-json\/wp\/v2\/categories?post=737"},{"taxonomy":"post_tag","embeddable":true,"href":"https:\/\/www.locoxelrojo.com\/independiente\/wp-json\/wp\/v2\/tags?post=737"}],"curies":[{"name":"wp","href":"https:\/\/api.w.org\/{rel}","templated":true}]}}