{"id":73825,"date":"2017-11-08T20:21:02","date_gmt":"2017-11-08T23:21:02","guid":{"rendered":"http:\/\/www.locoxelrojo.com\/independiente\/?p=73825"},"modified":"2017-11-08T22:44:46","modified_gmt":"2017-11-09T01:44:46","slug":"rigoni-viejo-conocido","status":"publish","type":"post","link":"https:\/\/www.locoxelrojo.com\/independiente\/2017\/11\/08\/rigoni-viejo-conocido\/","title":{"rendered":"El reencuentro de Rigoni con un viejo conocido"},"content":{"rendered":"<p>Durante la gira que est\u00e1 haciendo la Selecci\u00f3n argentina por Rusia, <strong>Emiliano Rigoni se encontr\u00f3 con un excompa\u00f1ero de Independiente. Se trata de Ezequiel Barco<\/strong>, quien viaj\u00f3 al pa\u00eds del pr\u00f3ximo Mundial como sparring.<\/p>\n<p>La estad\u00eda del equipo de Jorge Sampaoli en Europa est\u00e1 dando que hablar en el mundo Independiente. <a href=\"https:\/\/www.locoxelrojo.com\/independiente\/2017\/11\/08\/kun-posterga-vuelta\/\">Esta ma\u00f1ana Sergio Ag\u00fcero habl\u00f3 de su regreso al Rojo <\/a>y m\u00e1s tarde <strong>Rigoni y Barco se manifestaron a trav\u00e9s de las redes sociales<\/strong>.<\/p>\n<p>En las historias de Instagram, el volante del Zenit subi\u00f3 una foto con el juvenil con quien comparti\u00f3 equipo durante el \u00faltimo a\u00f1o en el Rey de Copas. <strong>&#8220;Que alegr\u00eda verte amigo&#8221;<\/strong>, escribi\u00f3 junto a la imagen que se los ve abrazados.<\/p>\n<p><a href=\"https:\/\/www.locoxelrojo.com\/independiente\/wp-content\/uploads\/2017\/11\/WhatsApp-Image-2017-11-08-at-19.17.14.jpeg\"><img loading=\"lazy\" class=\"alignnone size-full wp-image-73826\" src=\"https:\/\/www.locoxelrojo.com\/independiente\/wp-content\/uploads\/2017\/11\/WhatsApp-Image-2017-11-08-at-19.17.14.jpeg\" alt=\"WhatsApp Image 2017-11-08 at 19.17.14\" width=\"720\" height=\"1280\" srcset=\"https:\/\/locoxelrojo.com\/independiente\/wp-content\/uploads\/2017\/11\/WhatsApp-Image-2017-11-08-at-19.17.14.jpeg 720w, https:\/\/locoxelrojo.com\/independiente\/wp-content\/uploads\/2017\/11\/WhatsApp-Image-2017-11-08-at-19.17.14-169x300.jpeg 169w, https:\/\/locoxelrojo.com\/independiente\/wp-content\/uploads\/2017\/11\/WhatsApp-Image-2017-11-08-at-19.17.14-576x1024.jpeg 576w, https:\/\/locoxelrojo.com\/independiente\/wp-content\/uploads\/2017\/11\/WhatsApp-Image-2017-11-08-at-19.17.14-696x1237.jpeg 696w, https:\/\/locoxelrojo.com\/independiente\/wp-content\/uploads\/2017\/11\/WhatsApp-Image-2017-11-08-at-19.17.14-236x420.jpeg 236w, https:\/\/locoxelrojo.com\/independiente\/wp-content\/uploads\/2017\/11\/WhatsApp-Image-2017-11-08-at-19.17.14-72x128.jpeg 72w, https:\/\/locoxelrojo.com\/independiente\/wp-content\/uploads\/2017\/11\/WhatsApp-Image-2017-11-08-at-19.17.14-18x32.jpeg 18w\" sizes=\"(max-width: 720px) 100vw, 720px\" \/><\/a><\/p>\n<p>En la misma sinton\u00eda, Barco respondi\u00f3 con un mensaje similar en una historia de su cuenta personal: <strong>&#8220;Una alegr\u00eda enorme fue verte crack&#8221;<\/strong>. <strong>\u00bfLe habr\u00e1 preguntado por qu\u00e9 no se qued\u00f3 a ganar la Copa Sudamericana con el Rojo?<\/strong><\/p>\n<p><a href=\"https:\/\/www.locoxelrojo.com\/independiente\/wp-content\/uploads\/2017\/11\/WhatsApp-Image-2017-11-08-at-20.09.44.jpeg\"><img loading=\"lazy\" class=\"alignnone size-full wp-image-73827\" src=\"https:\/\/www.locoxelrojo.com\/independiente\/wp-content\/uploads\/2017\/11\/WhatsApp-Image-2017-11-08-at-20.09.44.jpeg\" alt=\"WhatsApp Image 2017-11-08 at 20.09.44\" width=\"720\" height=\"1280\" srcset=\"https:\/\/locoxelrojo.com\/independiente\/wp-content\/uploads\/2017\/11\/WhatsApp-Image-2017-11-08-at-20.09.44.jpeg 720w, https:\/\/locoxelrojo.com\/independiente\/wp-content\/uploads\/2017\/11\/WhatsApp-Image-2017-11-08-at-20.09.44-169x300.jpeg 169w, https:\/\/locoxelrojo.com\/independiente\/wp-content\/uploads\/2017\/11\/WhatsApp-Image-2017-11-08-at-20.09.44-576x1024.jpeg 576w, https:\/\/locoxelrojo.com\/independiente\/wp-content\/uploads\/2017\/11\/WhatsApp-Image-2017-11-08-at-20.09.44-696x1237.jpeg 696w, https:\/\/locoxelrojo.com\/independiente\/wp-content\/uploads\/2017\/11\/WhatsApp-Image-2017-11-08-at-20.09.44-236x420.jpeg 236w, https:\/\/locoxelrojo.com\/independiente\/wp-content\/uploads\/2017\/11\/WhatsApp-Image-2017-11-08-at-20.09.44-72x128.jpeg 72w, https:\/\/locoxelrojo.com\/independiente\/wp-content\/uploads\/2017\/11\/WhatsApp-Image-2017-11-08-at-20.09.44-18x32.jpeg 18w\" sizes=\"(max-width: 720px) 100vw, 720px\" \/><\/a><\/p>\n","protected":false},"excerpt":{"rendered":"<p>Durante la gira que est\u00e1 haciendo la Selecci\u00f3n argentina por Rusia, Emiliano Rigoni se encontr\u00f3 con un excompa\u00f1ero de Independiente. Se trata de Ezequiel Barco, quien viaj\u00f3 al pa\u00eds del pr\u00f3ximo Mundial como sparring. La estad\u00eda del equipo de Jorge Sampaoli en Europa est\u00e1 dando que hablar en el mundo Independiente. Esta ma\u00f1ana Sergio Ag\u00fcero [&hellip;]<\/p>\n","protected":false},"author":19,"featured_media":73828,"comment_status":"open","ping_status":"closed","sticky":false,"template":"","format":"standard","meta":{"_links_to":"","_links_to_target":""},"categories":[3247,3363],"tags":[2835,3215,3440,3452,450],"_links":{"self":[{"href":"https:\/\/www.locoxelrojo.com\/independiente\/wp-json\/wp\/v2\/posts\/73825"}],"collection":[{"href":"https:\/\/www.locoxelrojo.com\/independiente\/wp-json\/wp\/v2\/posts"}],"about":[{"href":"https:\/\/www.locoxelrojo.com\/independiente\/wp-json\/wp\/v2\/types\/post"}],"author":[{"embeddable":true,"href":"https:\/\/www.locoxelrojo.com\/independiente\/wp-json\/wp\/v2\/users\/19"}],"replies":[{"embeddable":true,"href":"https:\/\/www.locoxelrojo.com\/independiente\/wp-json\/wp\/v2\/comments?post=73825"}],"version-history":[{"count":0,"href":"https:\/\/www.locoxelrojo.com\/independiente\/wp-json\/wp\/v2\/posts\/73825\/revisions"}],"wp:featuredmedia":[{"embeddable":true,"href":"https:\/\/www.locoxelrojo.com\/independiente\/wp-json\/wp\/v2\/media\/73828"}],"wp:attachment":[{"href":"https:\/\/www.locoxelrojo.com\/independiente\/wp-json\/wp\/v2\/media?parent=73825"}],"wp:term":[{"taxonomy":"category","embeddable":true,"href":"https:\/\/www.locoxelrojo.com\/independiente\/wp-json\/wp\/v2\/categories?post=73825"},{"taxonomy":"post_tag","embeddable":true,"href":"https:\/\/www.locoxelrojo.com\/independiente\/wp-json\/wp\/v2\/tags?post=73825"}],"curies":[{"name":"wp","href":"https:\/\/api.w.org\/{rel}","templated":true}]}}