{"id":73842,"date":"2017-11-09T16:51:31","date_gmt":"2017-11-09T19:51:31","guid":{"rendered":"http:\/\/www.locoxelrojo.com\/independiente\/?p=73842"},"modified":"2017-11-09T21:54:47","modified_gmt":"2017-11-10T00:54:47","slug":"foto-barco-mejor-jugador-del-mundo","status":"publish","type":"post","link":"https:\/\/www.locoxelrojo.com\/independiente\/2017\/11\/09\/foto-barco-mejor-jugador-del-mundo\/","title":{"rendered":"La foto de Barco con el mejor jugador del mundo"},"content":{"rendered":"<p>Durante su estad\u00eda en Rusia como sparring de la selecci\u00f3n mayor,<strong> Ezequiel Barco <\/strong>aprovech\u00f3 un momento libre para sacarse una foto con el mejor jugador del mundo en la actualidad y la comparti\u00f3 en su Instagram.<\/p>\n<p><strong>&#8220;El esfuerzo de hoy es el \u00e9xito de ma\u00f1ana&#8221;<\/strong>, escribi\u00f3 el mediocampista de Independiente junto a la foto que se sac\u00f3 con Lionel Messi.<\/p>\n<blockquote class=\"instagram-media\" style=\"background: #FFF; border: 0; border-radius: 3px; box-shadow: 0 0 1px 0 rgba(0,0,0,0.5),0 1px 10px 0 rgba(0,0,0,0.15); margin: 1px; max-width: 658px; padding: 0; width: calc(100% - 2px);\" data-instgrm-captioned=\"\" data-instgrm-version=\"7\">\n<div style=\"padding: 8px;\">\n<div style=\"background: #F8F8F8; line-height: 0; margin-top: 40px; padding: 50.0% 0; text-align: center; width: 100%;\"><\/div>\n<p style=\"margin: 8px 0 0 0; padding: 0 4px;\"><a style=\"color: #000; font-family: Arial,sans-serif; font-size: 14px; font-style: normal; font-weight: normal; line-height: 17px; text-decoration: none; word-wrap: break-word;\" href=\"https:\/\/www.instagram.com\/p\/BbSS-jCB9-L\/\" target=\"_blank\">El esfuerzo de hoy , es el \u00e9xito de ma\u00f1ana &#x1f4aa;&#x1f3fb;\u26bd\ufe0f<\/a><\/p>\n<p style=\"color: #c9c8cd; font-family: Arial,sans-serif; font-size: 14px; line-height: 17px; margin-bottom: 0; margin-top: 8px; overflow: hidden; padding: 8px 0 7px; text-align: center; text-overflow: ellipsis; white-space: nowrap;\">Una publicaci\u00f3n compartida por Jugador De Independiente 27 (@barco.ezequiel) el <time style=\"font-family: Arial,sans-serif; font-size: 14px; line-height: 17px;\" datetime=\"2017-11-09T19:16:03+00:00\">9 de Nov de 2017 a la(s) 11:16 PST<\/time><\/p>\n<\/div>\n<\/blockquote>\n<p><script async defer src=\"\/\/platform.instagram.com\/en_US\/embeds.js\"><\/script><\/p>\n<p>Cabe\u00a0destacar que ayer, <a href=\"https:\/\/www.locoxelrojo.com\/independiente\/2017\/11\/08\/rigoni-viejo-conocido\/\">adem\u00e1s de haber compartido una historia con Emiliano Rigoni<\/a>, <strong>tambi\u00e9n hab\u00eda compartido una\u00a0con \u00c1ngel Di Mar\u00eda<\/strong>, otro de los referentes de este seleccionado argentino.<\/p>\n<blockquote class=\"instagram-media\" style=\"background: #FFF; border: 0; border-radius: 3px; box-shadow: 0 0 1px 0 rgba(0,0,0,0.5),0 1px 10px 0 rgba(0,0,0,0.15); margin: 1px; max-width: 658px; padding: 0; width: calc(100% - 2px);\" data-instgrm-captioned=\"\" data-instgrm-version=\"7\">\n<div style=\"padding: 8px;\">\n<div style=\"background: #F8F8F8; line-height: 0; margin-top: 40px; padding: 54.35185185185185% 0; text-align: center; width: 100%;\"><\/div>\n<p style=\"margin: 8px 0 0 0; padding: 0 4px;\"><a style=\"color: #000; font-family: Arial,sans-serif; font-size: 14px; font-style: normal; font-weight: normal; line-height: 17px; text-decoration: none; word-wrap: break-word;\" href=\"https:\/\/www.instagram.com\/p\/BbP15f4BNH5\/\" target=\"_blank\">&#x1f1e6;&#x1f1f7; \u26bd\ufe0f &#x1f1e6;&#x1f1f7;<\/a><\/p>\n<p style=\"color: #c9c8cd; font-family: Arial,sans-serif; font-size: 14px; line-height: 17px; margin-bottom: 0; margin-top: 8px; overflow: hidden; padding: 8px 0 7px; text-align: center; text-overflow: ellipsis; white-space: nowrap;\">Una publicaci\u00f3n compartida por Jugador De Independiente 27 (@barco.ezequiel) el <time style=\"font-family: Arial,sans-serif; font-size: 14px; line-height: 17px;\" datetime=\"2017-11-08T20:23:28+00:00\">8 de Nov de 2017 a la(s) 12:23 PST<\/time><\/p>\n<\/div>\n<\/blockquote>\n<p><script async defer src=\"\/\/platform.instagram.com\/en_US\/embeds.js\"><\/script><\/p>\n","protected":false},"excerpt":{"rendered":"<p>Durante su estad\u00eda en Rusia como sparring de la selecci\u00f3n mayor, Ezequiel Barco aprovech\u00f3 un momento libre para sacarse una foto con el mejor jugador del mundo en la actualidad y la comparti\u00f3 en su Instagram. &#8220;El esfuerzo de hoy es el \u00e9xito de ma\u00f1ana&#8221;, escribi\u00f3 el mediocampista de Independiente junto a la foto que [&hellip;]<\/p>\n","protected":false},"author":19,"featured_media":73260,"comment_status":"open","ping_status":"closed","sticky":false,"template":"","format":"standard","meta":{"_links_to":"","_links_to_target":""},"categories":[3247,3363],"tags":[2705,3215,3440,1956,3452,450],"_links":{"self":[{"href":"https:\/\/www.locoxelrojo.com\/independiente\/wp-json\/wp\/v2\/posts\/73842"}],"collection":[{"href":"https:\/\/www.locoxelrojo.com\/independiente\/wp-json\/wp\/v2\/posts"}],"about":[{"href":"https:\/\/www.locoxelrojo.com\/independiente\/wp-json\/wp\/v2\/types\/post"}],"author":[{"embeddable":true,"href":"https:\/\/www.locoxelrojo.com\/independiente\/wp-json\/wp\/v2\/users\/19"}],"replies":[{"embeddable":true,"href":"https:\/\/www.locoxelrojo.com\/independiente\/wp-json\/wp\/v2\/comments?post=73842"}],"version-history":[{"count":0,"href":"https:\/\/www.locoxelrojo.com\/independiente\/wp-json\/wp\/v2\/posts\/73842\/revisions"}],"wp:featuredmedia":[{"embeddable":true,"href":"https:\/\/www.locoxelrojo.com\/independiente\/wp-json\/wp\/v2\/media\/73260"}],"wp:attachment":[{"href":"https:\/\/www.locoxelrojo.com\/independiente\/wp-json\/wp\/v2\/media?parent=73842"}],"wp:term":[{"taxonomy":"category","embeddable":true,"href":"https:\/\/www.locoxelrojo.com\/independiente\/wp-json\/wp\/v2\/categories?post=73842"},{"taxonomy":"post_tag","embeddable":true,"href":"https:\/\/www.locoxelrojo.com\/independiente\/wp-json\/wp\/v2\/tags?post=73842"}],"curies":[{"name":"wp","href":"https:\/\/api.w.org\/{rel}","templated":true}]}}