{"id":73851,"date":"2017-11-10T14:13:09","date_gmt":"2017-11-10T17:13:09","guid":{"rendered":"http:\/\/www.locoxelrojo.com\/independiente\/?p=73851"},"modified":"2017-11-10T20:41:36","modified_gmt":"2017-11-10T23:41:36","slug":"franco-holan-se-va-quedar","status":"publish","type":"post","link":"https:\/\/www.locoxelrojo.com\/independiente\/2017\/11\/10\/franco-holan-se-va-quedar\/","title":{"rendered":"Franco: &#8220;Creo que Holan se va a quedar con nosotros&#8221;"},"content":{"rendered":"<p><a href=\"https:\/\/www.locoxelrojo.com\/independiente\/2017\/11\/10\/enfocado-a-futuro\/\">Luego del entrenamiento de esta ma\u00f1ana en Dom\u00ednico<\/a>, <strong>Alan Franco<\/strong> habl\u00f3 en rueda de prensa y se refiri\u00f3 a <a href=\"https:\/\/www.locoxelrojo.com\/independiente\/2017\/11\/07\/holan-lo-buscan-de-mexico\/\">la continuidad del entrenador de Independiente ante los rumores de su posible salida<\/a>.<\/p>\n<p><strong>&#8220;Yo no sab\u00eda nada pero la decisi\u00f3n la toma el DT. Yo creo que va a seguir con nosotros y vamos a pelear grandes cosas&#8221;<\/strong>, afirm\u00f3 el defensor de 21 a\u00f1os.<\/p>\n<p>Por otro lado se manifest\u00f3 respecto a la posibilidad que tiene el Rojo de volver a ganar un nuevo t\u00edtulo:<strong>\u00a0&#8220;La ansiedad de la gente nos lleva a nosotros a\u00a0estar ansiosos por querer ganar algo. Independiente se merece ganar algo&#8221;<\/strong>.<\/p>\n<p>Por \u00faltimo, Franco habl\u00f3 del parate por la fecha FIFA: <strong>&#8220;Viene bien para seguir prepar\u00e1ndonos, se nos vienen rivales muy duros&#8221;<\/strong>. Y luego, concluy\u00f3: <strong>&#8220;Es dif\u00edcil prepararse para tantas competencias pero tenemos un gran plantel y eso nos deja tranquilos&#8221;<\/strong>.<\/p>\n<blockquote class=\"instagram-media\" style=\"background: #FFF; border: 0; border-radius: 3px; box-shadow: 0 0 1px 0 rgba(0,0,0,0.5),0 1px 10px 0 rgba(0,0,0,0.15); margin: 1px; max-width: 658px; padding: 0; width: calc(100% - 2px);\" data-instgrm-captioned=\"\" data-instgrm-version=\"7\">\n<div style=\"padding: 8px;\">\n<div style=\"background: #F8F8F8; line-height: 0; margin-top: 40px; padding: 28.10185185185185% 0; text-align: center; width: 100%;\"><\/div>\n<p style=\"margin: 8px 0 0 0; padding: 0 4px;\"><a style=\"color: #000; font-family: Arial,sans-serif; font-size: 14px; font-style: normal; font-weight: normal; line-height: 17px; text-decoration: none; word-wrap: break-word;\" href=\"https:\/\/www.instagram.com\/p\/BWfkFMoB4pv\/\" target=\"_blank\">Con este cabezazo, @alan.franco.2 debut\u00f3 en la red anoche. #Independiente se pon\u00eda en ventaja a los 21&#8242; del primer tiempo.<\/a><\/p>\n<p style=\"color: #c9c8cd; font-family: Arial,sans-serif; font-size: 14px; line-height: 17px; margin-bottom: 0; margin-top: 8px; overflow: hidden; padding: 8px 0 7px; text-align: center; text-overflow: ellipsis; white-space: nowrap;\">Una publicaci\u00f3n compartida por Locoxelrojo.com (@locoxelrojoweb) el <time style=\"font-family: Arial,sans-serif; font-size: 14px; line-height: 17px;\" datetime=\"2017-07-13T16:18:39+00:00\">13 de Jul de 2017 a la(s) 9:18 PDT<\/time><\/p>\n<\/div>\n<\/blockquote>\n<p><script async defer src=\"\/\/platform.instagram.com\/en_US\/embeds.js\"><\/script><\/p>\n","protected":false},"excerpt":{"rendered":"<p>Luego del entrenamiento de esta ma\u00f1ana en Dom\u00ednico, Alan Franco habl\u00f3 en rueda de prensa y se refiri\u00f3 a la continuidad del entrenador de Independiente ante los rumores de su posible salida. &#8220;Yo no sab\u00eda nada pero la decisi\u00f3n la toma el DT. Yo creo que va a seguir con nosotros y vamos a pelear [&hellip;]<\/p>\n","protected":false},"author":19,"featured_media":71279,"comment_status":"open","ping_status":"closed","sticky":false,"template":"","format":"standard","meta":{"_links_to":"","_links_to_target":""},"categories":[3247,3],"tags":[3231],"_links":{"self":[{"href":"https:\/\/www.locoxelrojo.com\/independiente\/wp-json\/wp\/v2\/posts\/73851"}],"collection":[{"href":"https:\/\/www.locoxelrojo.com\/independiente\/wp-json\/wp\/v2\/posts"}],"about":[{"href":"https:\/\/www.locoxelrojo.com\/independiente\/wp-json\/wp\/v2\/types\/post"}],"author":[{"embeddable":true,"href":"https:\/\/www.locoxelrojo.com\/independiente\/wp-json\/wp\/v2\/users\/19"}],"replies":[{"embeddable":true,"href":"https:\/\/www.locoxelrojo.com\/independiente\/wp-json\/wp\/v2\/comments?post=73851"}],"version-history":[{"count":0,"href":"https:\/\/www.locoxelrojo.com\/independiente\/wp-json\/wp\/v2\/posts\/73851\/revisions"}],"wp:featuredmedia":[{"embeddable":true,"href":"https:\/\/www.locoxelrojo.com\/independiente\/wp-json\/wp\/v2\/media\/71279"}],"wp:attachment":[{"href":"https:\/\/www.locoxelrojo.com\/independiente\/wp-json\/wp\/v2\/media?parent=73851"}],"wp:term":[{"taxonomy":"category","embeddable":true,"href":"https:\/\/www.locoxelrojo.com\/independiente\/wp-json\/wp\/v2\/categories?post=73851"},{"taxonomy":"post_tag","embeddable":true,"href":"https:\/\/www.locoxelrojo.com\/independiente\/wp-json\/wp\/v2\/tags?post=73851"}],"curies":[{"name":"wp","href":"https:\/\/api.w.org\/{rel}","templated":true}]}}