{"id":73890,"date":"2017-11-14T15:40:59","date_gmt":"2017-11-14T18:40:59","guid":{"rendered":"http:\/\/www.locoxelrojo.com\/independiente\/?p=73890"},"modified":"2017-11-14T19:33:42","modified_gmt":"2017-11-14T22:33:42","slug":"bustos-primero-independiente-seleccion-llegara","status":"publish","type":"post","link":"https:\/\/www.locoxelrojo.com\/independiente\/2017\/11\/14\/bustos-primero-independiente-seleccion-llegara\/","title":{"rendered":"Bustos: &#8220;Primero est\u00e1 Independiente y mi recuperaci\u00f3n, la Selecci\u00f3n ya llegar\u00e1&#8221;"},"content":{"rendered":"<p><strong>Fabricio Bustos<\/strong> se lament\u00f3 por haberse perdido\u00a0compromisos importantes a causa de su lesi\u00f3n, pero se entusiasm\u00f3 con volver a las canchas, recuperar su lugar y llegar lejos en la Copa Sudamericana.<\/p>\n<p><strong>&#8220;Fue muy duro perderme la convocatoria a la Selecci\u00f3n. Estuve baj\u00f3n, pero tengo que seguir pensando en lo que viene&#8221;<\/strong>, expres\u00f3 el defensor en conferencia de prensa, quien decidi\u00f3 tener los pies sobre la tierra antes de so\u00f1ar\u00a0con el Mundial: <strong>&#8220;Primero est\u00e1 Independiente y mi recuperaci\u00f3n que es lo m\u00e1s importante, porque si no tengo una buena recuperaci\u00f3n no podr\u00e9 estar. La Selecci\u00f3n, si me va bien, ya llegar\u00e1&#8221;<\/strong>.<\/p>\n<p>Si bien reconoci\u00f3 que todos los ca\u00f1ones apuntan al certamen internacional, prefiri\u00f3 no mirar m\u00e1s all\u00e1 del partido de este fin de semana por la Superliga. <strong>&#8220;Estamos muy metidos. El objetivo obviamente que es la\u00a0Sudamericana para poder clasificar a la pr\u00f3xima Libertadores, pero lo primero es River el s\u00e1bado y despu\u00e9s pensamos en la Copa. Queremos lograr alg\u00fan t\u00edtulo, pero tenemos que estar tranquilos e ir de a poco&#8221;<\/strong>, remarc\u00f3.<\/p>\n<p>Consultado sobre la posibilidad de jugar en defensa o como volante por derecha, el Tractor asegur\u00f3 que est\u00e1 <strong>&#8220;a disposici\u00f3n del t\u00e9cnico&#8221;<\/strong> para jugar donde el t\u00e9cnico lo necesite. <strong>&#8220;Si Ariel (Holan) decide que yo tengo que jugar de carrilero, bienvenido sea, lo har\u00e9, y si\u00a0tengo que jugar de lateral tambi\u00e9n lo puedo hacer. \u00c9l tiene variantes, tenemos un plantel de gran jerarqu\u00eda y \u00e9l decidir\u00e1 qu\u00e9 es lo mejor para todos&#8221;<\/strong>, cerr\u00f3.<\/p>\n","protected":false},"excerpt":{"rendered":"<p>Fabricio Bustos se lament\u00f3 por haberse perdido\u00a0compromisos importantes a causa de su lesi\u00f3n, pero se entusiasm\u00f3 con volver a las canchas, recuperar su lugar y llegar lejos en la Copa Sudamericana. &#8220;Fue muy duro perderme la convocatoria a la Selecci\u00f3n. Estuve baj\u00f3n, pero tengo que seguir pensando en lo que viene&#8221;, expres\u00f3 el defensor en [&hellip;]<\/p>\n","protected":false},"author":8,"featured_media":73638,"comment_status":"open","ping_status":"closed","sticky":false,"template":"","format":"standard","meta":{"_links_to":"","_links_to_target":""},"categories":[3247,3],"tags":[1027],"_links":{"self":[{"href":"https:\/\/www.locoxelrojo.com\/independiente\/wp-json\/wp\/v2\/posts\/73890"}],"collection":[{"href":"https:\/\/www.locoxelrojo.com\/independiente\/wp-json\/wp\/v2\/posts"}],"about":[{"href":"https:\/\/www.locoxelrojo.com\/independiente\/wp-json\/wp\/v2\/types\/post"}],"author":[{"embeddable":true,"href":"https:\/\/www.locoxelrojo.com\/independiente\/wp-json\/wp\/v2\/users\/8"}],"replies":[{"embeddable":true,"href":"https:\/\/www.locoxelrojo.com\/independiente\/wp-json\/wp\/v2\/comments?post=73890"}],"version-history":[{"count":0,"href":"https:\/\/www.locoxelrojo.com\/independiente\/wp-json\/wp\/v2\/posts\/73890\/revisions"}],"wp:featuredmedia":[{"embeddable":true,"href":"https:\/\/www.locoxelrojo.com\/independiente\/wp-json\/wp\/v2\/media\/73638"}],"wp:attachment":[{"href":"https:\/\/www.locoxelrojo.com\/independiente\/wp-json\/wp\/v2\/media?parent=73890"}],"wp:term":[{"taxonomy":"category","embeddable":true,"href":"https:\/\/www.locoxelrojo.com\/independiente\/wp-json\/wp\/v2\/categories?post=73890"},{"taxonomy":"post_tag","embeddable":true,"href":"https:\/\/www.locoxelrojo.com\/independiente\/wp-json\/wp\/v2\/tags?post=73890"}],"curies":[{"name":"wp","href":"https:\/\/api.w.org\/{rel}","templated":true}]}}