{"id":74501,"date":"2017-12-10T16:16:19","date_gmt":"2017-12-10T19:16:19","guid":{"rendered":"http:\/\/www.locoxelrojo.com\/independiente\/?p=74501"},"modified":"2017-12-10T19:34:27","modified_gmt":"2017-12-10T22:34:27","slug":"piensa-la-segunda-final","status":"publish","type":"post","link":"https:\/\/www.locoxelrojo.com\/independiente\/2017\/12\/10\/piensa-la-segunda-final\/","title":{"rendered":"Ya piensa en la segunda final"},"content":{"rendered":"<p><strong>El plantel de Independiente retom\u00f3 r\u00e1pidamente los entrenamientos en Villa Dom\u00ednico, con la mente puesta en la segunda final de la Copa Sudamericana ante Flamengo en el Maracan\u00e1.<\/strong><\/p>\n<p>Tras la victoria ante Arsenal, los jugadores no se tomaron descanso y volvieron al trabajo en la ma\u00f1ana del domingo. Los que disputaron m\u00e1s de 45 minutos en Sarand\u00ed realizaron <strong>ejercicios regenerativos<\/strong>, mientras que el resto encar\u00f3<strong> trabajos con pelota en espacios reducidos, ejercicios t\u00e1cticos y de pelota parada<\/strong>.<\/p>\n<p><strong>La pr\u00f3xima pr\u00e1ctica ser\u00e1 este lunes a las 9:30 en Villa Dom\u00ednico<\/strong>, a puertas cerradas y sin atenci\u00f3n a la prensa. El Rojo terminar\u00e1 de ajustar detalles para <strong>viajar el martes a Brasil<\/strong> en busca de la 17\u00ba copa internacional.<\/p>\n","protected":false},"excerpt":{"rendered":"<p>El plantel de Independiente retom\u00f3 r\u00e1pidamente los entrenamientos en Villa Dom\u00ednico, con la mente puesta en la segunda final de la Copa Sudamericana ante Flamengo en el Maracan\u00e1. Tras la victoria ante Arsenal, los jugadores no se tomaron descanso y volvieron al trabajo en la ma\u00f1ana del domingo. Los que disputaron m\u00e1s de 45 minutos [&hellip;]<\/p>\n","protected":false},"author":8,"featured_media":74502,"comment_status":"open","ping_status":"closed","sticky":false,"template":"","format":"standard","meta":{"_links_to":"","_links_to_target":""},"categories":[3247,3],"tags":[26,172],"_links":{"self":[{"href":"https:\/\/www.locoxelrojo.com\/independiente\/wp-json\/wp\/v2\/posts\/74501"}],"collection":[{"href":"https:\/\/www.locoxelrojo.com\/independiente\/wp-json\/wp\/v2\/posts"}],"about":[{"href":"https:\/\/www.locoxelrojo.com\/independiente\/wp-json\/wp\/v2\/types\/post"}],"author":[{"embeddable":true,"href":"https:\/\/www.locoxelrojo.com\/independiente\/wp-json\/wp\/v2\/users\/8"}],"replies":[{"embeddable":true,"href":"https:\/\/www.locoxelrojo.com\/independiente\/wp-json\/wp\/v2\/comments?post=74501"}],"version-history":[{"count":0,"href":"https:\/\/www.locoxelrojo.com\/independiente\/wp-json\/wp\/v2\/posts\/74501\/revisions"}],"wp:featuredmedia":[{"embeddable":true,"href":"https:\/\/www.locoxelrojo.com\/independiente\/wp-json\/wp\/v2\/media\/74502"}],"wp:attachment":[{"href":"https:\/\/www.locoxelrojo.com\/independiente\/wp-json\/wp\/v2\/media?parent=74501"}],"wp:term":[{"taxonomy":"category","embeddable":true,"href":"https:\/\/www.locoxelrojo.com\/independiente\/wp-json\/wp\/v2\/categories?post=74501"},{"taxonomy":"post_tag","embeddable":true,"href":"https:\/\/www.locoxelrojo.com\/independiente\/wp-json\/wp\/v2\/tags?post=74501"}],"curies":[{"name":"wp","href":"https:\/\/api.w.org\/{rel}","templated":true}]}}