{"id":74517,"date":"2017-12-11T21:30:59","date_gmt":"2017-12-12T00:30:59","guid":{"rendered":"http:\/\/www.locoxelrojo.com\/independiente\/?p=74517"},"modified":"2017-12-11T22:31:35","modified_gmt":"2017-12-12T01:31:35","slug":"arbitro-colombiano-maracana","status":"publish","type":"post","link":"https:\/\/www.locoxelrojo.com\/independiente\/2017\/12\/11\/arbitro-colombiano-maracana\/","title":{"rendered":"\u00c1rbitro colombiano en el Maracan\u00e1"},"content":{"rendered":"<p>La Conmebol\u00a0detall\u00f3 a la terna arbitral para la segunda final de la Copa Sudamericana 2017. <strong>El colombiano Wilmar Rold\u00e1n impartir\u00e1 justicia entre Flamengo e Independiente en el Maracan\u00e1<\/strong>.<\/p>\n<p>El Rojo\u00a0tiene un historial corto pero positivo\u00a0con este juez, ya que <strong>gan\u00f3 los dos partidos que jug\u00f3 bajo sus \u00f3rdenes: 2-1 a Inter de Porto Alegre como local<\/strong> en la primera final de la Recopa 2011 <strong>y 2-0 a Lan\u00fas como visitante<\/strong> en la ida de la Segunda Fase de la Sudamericana 2016.<\/p>\n<p>En Brasil, Rold\u00e1n estar\u00e1 acompa\u00f1ado por sus compatriotas <strong>Alexander Guzm\u00e1n y Cristian De La Cruz como jueces de l\u00ednea<\/strong>, mientras que el tambi\u00e9n colombiano\u00a0<strong>Gustavo Murillo ser\u00e1 el cuarto \u00e1rbitro<\/strong>.<\/p>\n<p>Por su parte, los responsables del <strong>VAR<\/strong>\u00a0en el Maracan\u00e1 ser\u00e1n <strong>los uruguayos Daniel Fedorczuk<\/strong> (dirigi\u00f3 en el empate 0-0 con Olimpia en Paraguay, en 2016) <strong>y Nicol\u00e1s Tar\u00e1n y el chileno Roberto Tobar<\/strong>.<\/p>\n","protected":false},"excerpt":{"rendered":"<p>La Conmebol\u00a0detall\u00f3 a la terna arbitral para la segunda final de la Copa Sudamericana 2017. El colombiano Wilmar Rold\u00e1n impartir\u00e1 justicia entre Flamengo e Independiente en el Maracan\u00e1. El Rojo\u00a0tiene un historial corto pero positivo\u00a0con este juez, ya que gan\u00f3 los dos partidos que jug\u00f3 bajo sus \u00f3rdenes: 2-1 a Inter de Porto Alegre como [&hellip;]<\/p>\n","protected":false},"author":8,"featured_media":74518,"comment_status":"open","ping_status":"closed","sticky":false,"template":"","format":"standard","meta":{"_links_to":"","_links_to_target":""},"categories":[3280,7,3247],"tags":[153,3388,3347,320,3134,3043],"_links":{"self":[{"href":"https:\/\/www.locoxelrojo.com\/independiente\/wp-json\/wp\/v2\/posts\/74517"}],"collection":[{"href":"https:\/\/www.locoxelrojo.com\/independiente\/wp-json\/wp\/v2\/posts"}],"about":[{"href":"https:\/\/www.locoxelrojo.com\/independiente\/wp-json\/wp\/v2\/types\/post"}],"author":[{"embeddable":true,"href":"https:\/\/www.locoxelrojo.com\/independiente\/wp-json\/wp\/v2\/users\/8"}],"replies":[{"embeddable":true,"href":"https:\/\/www.locoxelrojo.com\/independiente\/wp-json\/wp\/v2\/comments?post=74517"}],"version-history":[{"count":0,"href":"https:\/\/www.locoxelrojo.com\/independiente\/wp-json\/wp\/v2\/posts\/74517\/revisions"}],"wp:featuredmedia":[{"embeddable":true,"href":"https:\/\/www.locoxelrojo.com\/independiente\/wp-json\/wp\/v2\/media\/74518"}],"wp:attachment":[{"href":"https:\/\/www.locoxelrojo.com\/independiente\/wp-json\/wp\/v2\/media?parent=74517"}],"wp:term":[{"taxonomy":"category","embeddable":true,"href":"https:\/\/www.locoxelrojo.com\/independiente\/wp-json\/wp\/v2\/categories?post=74517"},{"taxonomy":"post_tag","embeddable":true,"href":"https:\/\/www.locoxelrojo.com\/independiente\/wp-json\/wp\/v2\/tags?post=74517"}],"curies":[{"name":"wp","href":"https:\/\/api.w.org\/{rel}","templated":true}]}}