{"id":74519,"date":"2017-12-11T23:46:08","date_gmt":"2017-12-12T02:46:08","guid":{"rendered":"http:\/\/www.locoxelrojo.com\/independiente\/?p=74519"},"modified":"2017-12-12T20:36:41","modified_gmt":"2017-12-12T23:36:41","slug":"ultimo-juvenil-debutar-gol","status":"publish","type":"post","link":"https:\/\/www.locoxelrojo.com\/independiente\/2017\/12\/11\/ultimo-juvenil-debutar-gol\/","title":{"rendered":"\u00bfQui\u00e9n hab\u00eda sido el \u00faltimo juvenil en debutar y hacer un gol?"},"content":{"rendered":"<p>El s\u00e1bado pasado en Sarand\u00ed, <strong>uno de los tres juveniles que debut\u00f3 en Independiente fue el encargado de darle el triunfo al equipo de Ariel Holan con un gol en tiempo adicionado<\/strong>. Sin embargo hac\u00eda mucho tiempo que no ocurr\u00eda una situaci\u00f3n similar.<\/p>\n<blockquote class=\"twitter-video\" data-lang=\"es\">\n<p dir=\"ltr\" lang=\"es\"><a href=\"https:\/\/twitter.com\/hashtag\/TNTSports?src=hash&amp;ref_src=twsrc%5Etfw\">#TNTSports<\/a> | El golazo de Denis para el triunfo de <a href=\"https:\/\/twitter.com\/hashtag\/Independiente?src=hash&amp;ref_src=twsrc%5Etfw\">#Independiente<\/a> <a href=\"https:\/\/t.co\/4tf6yCM873\">pic.twitter.com\/4tf6yCM873<\/a><\/p>\n<p>\u2014 TNT Sports LA (@TNTSportsLA) <a href=\"https:\/\/twitter.com\/TNTSportsLA\/status\/939682150433083392?ref_src=twsrc%5Etfw\">10 de diciembre de 2017<\/a><\/p><\/blockquote>\n<p><script async src=\"https:\/\/platform.twitter.com\/widgets.js\" charset=\"utf-8\"><\/script><\/p>\n<p>Para encontrar al \u00faltimo futbolista surgido de la cantera del Rojo que en el mismo partido que hizo su presentaci\u00f3n oficial haya hecho un gol, <strong>hay que remontarse\u00a016 a\u00f1os atr\u00e1s<\/strong>.<\/p>\n<p><strong>\u00bfQui\u00e9n fue el \u00faltimo? Leonel R\u00edos, en el triunfo 2-1 ante Lan\u00fas por la fecha 4 del Torneo Clausura 2001 <\/strong>(Mat\u00edas Vuoso hizo el segundo y Diego Klimowicz, el del Granate). El Toti, campe\u00f3n con el Rey de Copas en el Apertura 2002, jug\u00f3 hasta la temporada pasada en Boca Unidos, en la B Nacional.<\/p>\n<p><iframe loading=\"lazy\" src=\"https:\/\/www.youtube.com\/embed\/DMfjJjdozbA\" width=\"560\" height=\"315\" frameborder=\"0\" allowfullscreen=\"allowfullscreen\"><\/iframe><\/p>\n","protected":false},"excerpt":{"rendered":"<p>El s\u00e1bado pasado en Sarand\u00ed, uno de los tres juveniles que debut\u00f3 en Independiente fue el encargado de darle el triunfo al equipo de Ariel Holan con un gol en tiempo adicionado. Sin embargo hac\u00eda mucho tiempo que no ocurr\u00eda una situaci\u00f3n similar. #TNTSports | El golazo de Denis para el triunfo de #Independiente pic.twitter.com\/4tf6yCM873 [&hellip;]<\/p>\n","protected":false},"author":19,"featured_media":74520,"comment_status":"open","ping_status":"closed","sticky":false,"template":"","format":"standard","meta":{"_links_to":"","_links_to_target":""},"categories":[3280,3247],"tags":[1099,153,2874,326,2533],"_links":{"self":[{"href":"https:\/\/www.locoxelrojo.com\/independiente\/wp-json\/wp\/v2\/posts\/74519"}],"collection":[{"href":"https:\/\/www.locoxelrojo.com\/independiente\/wp-json\/wp\/v2\/posts"}],"about":[{"href":"https:\/\/www.locoxelrojo.com\/independiente\/wp-json\/wp\/v2\/types\/post"}],"author":[{"embeddable":true,"href":"https:\/\/www.locoxelrojo.com\/independiente\/wp-json\/wp\/v2\/users\/19"}],"replies":[{"embeddable":true,"href":"https:\/\/www.locoxelrojo.com\/independiente\/wp-json\/wp\/v2\/comments?post=74519"}],"version-history":[{"count":0,"href":"https:\/\/www.locoxelrojo.com\/independiente\/wp-json\/wp\/v2\/posts\/74519\/revisions"}],"wp:featuredmedia":[{"embeddable":true,"href":"https:\/\/www.locoxelrojo.com\/independiente\/wp-json\/wp\/v2\/media\/74520"}],"wp:attachment":[{"href":"https:\/\/www.locoxelrojo.com\/independiente\/wp-json\/wp\/v2\/media?parent=74519"}],"wp:term":[{"taxonomy":"category","embeddable":true,"href":"https:\/\/www.locoxelrojo.com\/independiente\/wp-json\/wp\/v2\/categories?post=74519"},{"taxonomy":"post_tag","embeddable":true,"href":"https:\/\/www.locoxelrojo.com\/independiente\/wp-json\/wp\/v2\/tags?post=74519"}],"curies":[{"name":"wp","href":"https:\/\/api.w.org\/{rel}","templated":true}]}}