{"id":74545,"date":"2017-12-13T15:20:26","date_gmt":"2017-12-13T18:20:26","guid":{"rendered":"http:\/\/www.locoxelrojo.com\/independiente\/?p=74545"},"modified":"2017-12-13T16:04:22","modified_gmt":"2017-12-13T19:04:22","slug":"todos-juntos-contra-todos-2","status":"publish","type":"post","link":"https:\/\/www.locoxelrojo.com\/independiente\/2017\/12\/13\/todos-juntos-contra-todos-2\/","title":{"rendered":"Todos juntos, contra todos"},"content":{"rendered":"<p><strong>Independiente lleva su ilusi\u00f3n a Brasil en busca de su 17\u00ba t\u00edtulo internacional. Con una ventaja de 2-1,\u00a0jugar\u00e1 la segunda final de la Copa Conmebol Sudamericana 2017\u00a0ante Flamengo en el Maracan\u00e1. Desde las 20:45,\u00a0con\u00a0<a href=\"https:\/\/www.locoxelrojo.com\/independiente\/2017\/12\/11\/arbitro-colombiano-maracana\/\">el arbitraje del colombiano Wilmar Rold\u00e1n<\/a>.<\/strong><\/p>\n<p>Lleg\u00f3 el d\u00eda. El Rojo est\u00e1 a un paso de lograr el objetivo que se propuso a principio de a\u00f1o. Despu\u00e9s de seis a\u00f1os, <strong>el Rey de Copas vuelve a jugar una final internacional con la esperanza de repetir la haza\u00f1a de 1995<\/strong>, cuando dio la vuelta ol\u00edmpica ante el mismo rival en el mismo escenario.<\/p>\n<p>Luch\u00f3 contra\u00a0el arbitraje que lo perjudic\u00f3 groseramente. Luch\u00f3 contra rivales dur\u00edsimos y los dej\u00f3 en el camino con autoridad. Luch\u00f3 desde abajo y de callado, mientras muchos lo subestimaban.\u00a0Jugadores, cuerpo t\u00e9cnico e hinchas lucharon todos juntos para sacar a Independiente adelante. Y ah\u00ed est\u00e1 hoy, a un paso de la gloria. <strong>Un triunfo o un empate le permitir\u00e1 levantar hoy su copa n\u00famero 17, esa que se le neg\u00f3 dos veces\u00a0all\u00e1\u00a0por 2011. \u00bfLa tercera ser\u00e1 la vencida?<\/strong><\/p>\n<p>El propio Ariel Holan reconoci\u00f3 que definir\u00e1 el equipo a \u00faltimo momento. Es posible que haya un cambio respecto de la final en Avellaneda. <strong>Fernando Amorebieta\u00a0entra por Gast\u00f3n Silva en\u00a0la defensa<\/strong>.<strong>\u00a0<\/strong>El resto se mantiene igual, pese al rumor del posible ingreso de\u00a0Nicol\u00e1s Domingo que fue perdiendo fuerza con el correr de las horas.<\/p>\n<p>Por su parte, el Meng\u00e3o sabe que no puede regalar m\u00e1s tiempo, ya que <strong>necesita ganar\u00a0por dos goles para ser campe\u00f3n o por uno para forzar el alargue<\/strong>. El t\u00e9cnico Reinaldo Rueda pondr\u00eda <strong>desde el inicio a\u00a0Everton Ribeiro<\/strong>,\u00a0quien termin\u00f3 el partido de ida con algunas molestias. Adem\u00e1s, la urgencia por dar vuelta el resultado le da<strong> chances a<\/strong>\u00a0<strong>Vinicius Junior<\/strong>, quien ya fue vendido al Real Madrid.<\/p>\n<blockquote class=\"twitter-video\" data-lang=\"es\">\n<p dir=\"ltr\" lang=\"es\">Buen d\u00eda, Diablos.<\/p>\n<p>Como siempre, m\u00e1s que nunca: <a href=\"https:\/\/twitter.com\/hashtag\/TodosJuntos?src=hash&amp;ref_src=twsrc%5Etfw\">#TodosJuntos<\/a>.<\/p>\n<p>\u00a1Es hoy, <a href=\"https:\/\/twitter.com\/hashtag\/Independiente?src=hash&amp;ref_src=twsrc%5Etfw\">#Independiente<\/a>!<a href=\"https:\/\/twitter.com\/hashtag\/TodoRojo?src=hash&amp;ref_src=twsrc%5Etfw\">#TodoRojo<\/a> &#x1f534; <a href=\"https:\/\/t.co\/ucbSZx3SlV\">pic.twitter.com\/ucbSZx3SlV<\/a><\/p>\n<p>\u2014 C. A. Independiente (@Independiente) <a href=\"https:\/\/twitter.com\/Independiente\/status\/940927329978732544?ref_src=twsrc%5Etfw\">13 de diciembre de 2017<\/a><\/p><\/blockquote>\n<p><script async src=\"https:\/\/platform.twitter.com\/widgets.js\" charset=\"utf-8\"><\/script><\/p>\n<p><span style=\"text-decoration: underline;\"><strong>Posibles formaciones<br \/>\n<\/strong><\/span><strong>Flamengo:<\/strong> Cesar; Par\u00e1, Juan, Rever, Miguel Trauco; Cuellar, William Arao\/Junior; Everton Ribeiro, Diego, Lucas Paquet\u00e1; Felipe Vizeu.<br \/>\n<strong>DT:<\/strong> Reinaldo Rueda.<\/p>\n<p><strong>Independiente:<\/strong> Mart\u00edn Campa\u00f1a; Fabricio Bustos, Alan Franco, Amorebieta, Nicol\u00e1s Tagliafico; Diego Rodr\u00edguez, Juan S\u00e1nchez Mi\u00f1o; Maximiliano Meza, Ezequiel Barco, Mart\u00edn Ben\u00edtez; Emmanuel Gigliotti.<br \/>\n<strong>DT:<\/strong> Ariel Holan.<\/p>\n<p><strong>\u00c1rbitro:<\/strong> Wilmar Rold\u00e1n (Colombia).<\/p>\n<p><strong>Hora:<\/strong> 20.45.<\/p>\n<p><strong>Estadio:<\/strong> Maracan\u00e1.<\/p>\n","protected":false},"excerpt":{"rendered":"<p>Independiente lleva su ilusi\u00f3n a Brasil en busca de su 17\u00ba t\u00edtulo internacional. Con una ventaja de 2-1,\u00a0jugar\u00e1 la segunda final de la Copa Conmebol Sudamericana 2017\u00a0ante Flamengo en el Maracan\u00e1. Desde las 20:45,\u00a0con\u00a0el arbitraje del colombiano Wilmar Rold\u00e1n. Lleg\u00f3 el d\u00eda. El Rojo est\u00e1 a un paso de lograr el objetivo que se propuso [&hellip;]<\/p>\n","protected":false},"author":8,"featured_media":74359,"comment_status":"open","ping_status":"closed","sticky":false,"template":"","format":"standard","meta":{"_links_to":"","_links_to_target":""},"categories":[7,3247,2007],"tags":[153,3388,3347,320,3134],"_links":{"self":[{"href":"https:\/\/www.locoxelrojo.com\/independiente\/wp-json\/wp\/v2\/posts\/74545"}],"collection":[{"href":"https:\/\/www.locoxelrojo.com\/independiente\/wp-json\/wp\/v2\/posts"}],"about":[{"href":"https:\/\/www.locoxelrojo.com\/independiente\/wp-json\/wp\/v2\/types\/post"}],"author":[{"embeddable":true,"href":"https:\/\/www.locoxelrojo.com\/independiente\/wp-json\/wp\/v2\/users\/8"}],"replies":[{"embeddable":true,"href":"https:\/\/www.locoxelrojo.com\/independiente\/wp-json\/wp\/v2\/comments?post=74545"}],"version-history":[{"count":0,"href":"https:\/\/www.locoxelrojo.com\/independiente\/wp-json\/wp\/v2\/posts\/74545\/revisions"}],"wp:featuredmedia":[{"embeddable":true,"href":"https:\/\/www.locoxelrojo.com\/independiente\/wp-json\/wp\/v2\/media\/74359"}],"wp:attachment":[{"href":"https:\/\/www.locoxelrojo.com\/independiente\/wp-json\/wp\/v2\/media?parent=74545"}],"wp:term":[{"taxonomy":"category","embeddable":true,"href":"https:\/\/www.locoxelrojo.com\/independiente\/wp-json\/wp\/v2\/categories?post=74545"},{"taxonomy":"post_tag","embeddable":true,"href":"https:\/\/www.locoxelrojo.com\/independiente\/wp-json\/wp\/v2\/tags?post=74545"}],"curies":[{"name":"wp","href":"https:\/\/api.w.org\/{rel}","templated":true}]}}