{"id":74637,"date":"2017-12-16T11:49:05","date_gmt":"2017-12-16T14:49:05","guid":{"rendered":"http:\/\/www.locoxelrojo.com\/independiente\/?p=74637"},"modified":"2017-12-17T01:20:28","modified_gmt":"2017-12-17T04:20:28","slug":"febrero-recopado-1","status":"publish","type":"post","link":"https:\/\/www.locoxelrojo.com\/independiente\/2017\/12\/16\/febrero-recopado-1\/","title":{"rendered":"Febrero Recopado"},"content":{"rendered":"<p><strong>Al haberse consagrado campe\u00f3n de la Copa Sudamericana 2017, Independiente deber\u00e1 jugar la final de la Recopa Sudamericana contra\u00a0Gremio.<\/strong><\/p>\n<p>Se viene un 2018 muy copero para el equipo de Ariel Holan. Su primer desaf\u00edo estar\u00e1 en el segundo mes del a\u00f1o, cuando deber\u00e1 volver a Brasil\u00a0en busca de\u00a0su 18\u00ba t\u00edtulo internacional.\u00a0<strong>En febrero\u00a0ir\u00e1 por su segunda Recopa ante\u00a0Gremio, el \u00faltimo campe\u00f3n de la Libertadores<\/strong>.<\/p>\n<p>El partido de ida ser\u00e1 el <strong>mi\u00e9rcoles 7 de febrero en el Estadio Libertadores de Am\u00e9rica<\/strong>, mientras que la revancha se\u00a0disputar\u00e1 el<strong> mi\u00e9rcoles 21 en el Arena do Gremio<\/strong>, de la ciudad de Porto Alegre.<\/p>\n<p>El Rojo y el Tricolor\u00a0se disputar\u00e1n una Copa\u00a0por tercera vez en la historia. <strong>En 1984, Independiente le gan\u00f3 la final de la Libertadores<\/strong> con un 1-0 en Porto Alegre y un 0-0 en Avellaneda, mientras que<strong> en 1996, Gremio\u00a0se qued\u00f3 con la Recopa<\/strong>\u00a0tras golear\u00a04-1 en Jap\u00f3n.<\/p>\n<p><strong>En caso de ganar la Recopa 2018, el Rojo alcanzar\u00e1 a Boca y al Milan<\/strong> en cantidad de t\u00edtulos internacionales, y junto al Xeneize ser\u00e1 el club argentino con m\u00e1s copas.<\/p>\n","protected":false},"excerpt":{"rendered":"<p>Al haberse consagrado campe\u00f3n de la Copa Sudamericana 2017, Independiente deber\u00e1 jugar la final de la Recopa Sudamericana contra\u00a0Gremio. Se viene un 2018 muy copero para el equipo de Ariel Holan. Su primer desaf\u00edo estar\u00e1 en el segundo mes del a\u00f1o, cuando deber\u00e1 volver a Brasil\u00a0en busca de\u00a0su 18\u00ba t\u00edtulo internacional.\u00a0En febrero\u00a0ir\u00e1 por su segunda [&hellip;]<\/p>\n","protected":false},"author":8,"featured_media":74638,"comment_status":"open","ping_status":"closed","sticky":false,"template":"","format":"standard","meta":{"_links_to":"","_links_to_target":""},"categories":[3247,356],"tags":[153,1617,3272],"_links":{"self":[{"href":"https:\/\/www.locoxelrojo.com\/independiente\/wp-json\/wp\/v2\/posts\/74637"}],"collection":[{"href":"https:\/\/www.locoxelrojo.com\/independiente\/wp-json\/wp\/v2\/posts"}],"about":[{"href":"https:\/\/www.locoxelrojo.com\/independiente\/wp-json\/wp\/v2\/types\/post"}],"author":[{"embeddable":true,"href":"https:\/\/www.locoxelrojo.com\/independiente\/wp-json\/wp\/v2\/users\/8"}],"replies":[{"embeddable":true,"href":"https:\/\/www.locoxelrojo.com\/independiente\/wp-json\/wp\/v2\/comments?post=74637"}],"version-history":[{"count":0,"href":"https:\/\/www.locoxelrojo.com\/independiente\/wp-json\/wp\/v2\/posts\/74637\/revisions"}],"wp:featuredmedia":[{"embeddable":true,"href":"https:\/\/www.locoxelrojo.com\/independiente\/wp-json\/wp\/v2\/media\/74638"}],"wp:attachment":[{"href":"https:\/\/www.locoxelrojo.com\/independiente\/wp-json\/wp\/v2\/media?parent=74637"}],"wp:term":[{"taxonomy":"category","embeddable":true,"href":"https:\/\/www.locoxelrojo.com\/independiente\/wp-json\/wp\/v2\/categories?post=74637"},{"taxonomy":"post_tag","embeddable":true,"href":"https:\/\/www.locoxelrojo.com\/independiente\/wp-json\/wp\/v2\/tags?post=74637"}],"curies":[{"name":"wp","href":"https:\/\/api.w.org\/{rel}","templated":true}]}}