{"id":74672,"date":"2017-12-19T14:18:33","date_gmt":"2017-12-19T17:18:33","guid":{"rendered":"http:\/\/www.locoxelrojo.com\/independiente\/?p=74672"},"modified":"2017-12-20T01:04:35","modified_gmt":"2017-12-20T04:04:35","slug":"nery-dominguez-me-quiero-quedar-la-prioridad-la-rojo","status":"publish","type":"post","link":"https:\/\/www.locoxelrojo.com\/independiente\/2017\/12\/19\/nery-dominguez-me-quiero-quedar-la-prioridad-la-rojo\/","title":{"rendered":"Dom\u00ednguez: &#8220;Me quiero quedar, la prioridad la tiene el Rojo&#8221;"},"content":{"rendered":"<p><strong>Nery Dom\u00ednguez<\/strong>, quien tiene contrato con Independiente hasta fin de 2017, reconoci\u00f3 que su intenci\u00f3n es\u00a0permanecer en el Rojo. <strong>&#8220;Se vienen cosas muy importantes por jugar&#8221;<\/strong>, manifest\u00f3.<\/p>\n<p><strong>&#8220;Mi v\u00ednculo termina el 24 de diciembre, tengo contrato en M\u00e9xico y all\u00e1 el torneo arranca el 6 de enero.\u00a0No hay tanto tiempo como para esperar. Habl\u00e9 con la gente de Quer\u00e9taro para ver qu\u00e9 se pod\u00eda hacer&#8221;<\/strong>, se\u00f1al\u00f3 el volante en di\u00e1logo con Muy Independiente Radio.<\/p>\n<p>Adem\u00e1s, Dom\u00ednguez dej\u00f3 clara su postura luego de un a\u00f1o en\u00a0Avellaneda:\u00a0<strong>&#8220;Se vienen cosas muy importantes por jugar y me quiero quedar, estoy contento ac\u00e1. A mi representante lo han llamado de otros equipos, pero no lo tengo en cuenta porque la prioridad la tiene el Rojo. No manejo otras opciones que no sea continuar ac\u00e1&#8221;<\/strong>.<\/p>\n<p>Pese a su clara intenci\u00f3n de seguir destac\u00f3 que la \u00faltima palabra la tendr\u00e1n los dirigentes y el cuerpo t\u00e9cnico. Con respecto a esto \u00faltimo,\u00a0el volante de 27 a\u00f1os dijo: <strong>&#8220;Ojal\u00e1 Ariel Holan siga por el bien del equipo y del club. Que Alejandro Kohan haya dado un paso al costado significa perder un gran profesional. \u00c9l es quien mayormente estaba en contacto con nosotros&#8221;<\/strong>. \u00bfSe queda o se va?<\/p>\n<blockquote class=\"instagram-media\" style=\"background: #FFF; border: 0; border-radius: 3px; box-shadow: 0 0 1px 0 rgba(0,0,0,0.5),0 1px 10px 0 rgba(0,0,0,0.15); margin: 1px; max-width: 658px; padding: 0; width: calc(100% - 2px);\" data-instgrm-captioned=\"\" data-instgrm-permalink=\"https:\/\/www.instagram.com\/p\/BVakog8BgIs\/\" data-instgrm-version=\"8\">\n<div style=\"padding: 8px;\">\n<div style=\"background: #F8F8F8; line-height: 0; margin-top: 40px; padding: 45.625% 0; text-align: center; width: 100%;\"><\/div>\n<p style=\"margin: 8px 0 0 0; padding: 0 4px;\"><a style=\"color: #000; font-family: Arial,sans-serif; font-size: 14px; font-style: normal; font-weight: normal; line-height: 17px; text-decoration: none; word-wrap: break-word;\" href=\"https:\/\/www.instagram.com\/p\/BVakog8BgIs\/\" target=\"_blank\">[#LXRTV] Repas\u00e1 el empate transitorio de #Independiente de ayer. Bombazo de @nerydominguez23 y 1-1 parcial. Toda la cobertura del triunfo de ayer, en www.locoxelrojo.com<\/a><\/p>\n<p style=\"color: #c9c8cd; font-family: Arial,sans-serif; font-size: 14px; line-height: 17px; margin-bottom: 0; margin-top: 8px; overflow: hidden; padding: 8px 0 7px; text-align: center; text-overflow: ellipsis; white-space: nowrap;\">Una publicaci\u00f3n compartida por <a style=\"color: #c9c8cd; font-family: Arial,sans-serif; font-size: 14px; font-style: normal; font-weight: normal; line-height: 17px;\" href=\"https:\/\/www.instagram.com\/locoxelrojoweb\/\" target=\"_blank\"> Locoxelrojo.com<\/a> (@locoxelrojoweb) el <time style=\"font-family: Arial,sans-serif; font-size: 14px; line-height: 17px;\" datetime=\"2017-06-16T21:15:53+00:00\">Jun 16, 2017 at 2:15 PDT<\/time><\/p>\n<\/div>\n<\/blockquote>\n<p><script async defer src=\"\/\/platform.instagram.com\/en_US\/embeds.js\"><\/script><\/p>\n","protected":false},"excerpt":{"rendered":"<p>Nery Dom\u00ednguez, quien tiene contrato con Independiente hasta fin de 2017, reconoci\u00f3 que su intenci\u00f3n es\u00a0permanecer en el Rojo. &#8220;Se vienen cosas muy importantes por jugar&#8221;, manifest\u00f3. &#8220;Mi v\u00ednculo termina el 24 de diciembre, tengo contrato en M\u00e9xico y all\u00e1 el torneo arranca el 6 de enero.\u00a0No hay tanto tiempo como para esperar. Habl\u00e9 con [&hellip;]<\/p>\n","protected":false},"author":19,"featured_media":71262,"comment_status":"open","ping_status":"closed","sticky":false,"template":"","format":"standard","meta":{"_links_to":"","_links_to_target":""},"categories":[3247,3],"tags":[3371],"_links":{"self":[{"href":"https:\/\/www.locoxelrojo.com\/independiente\/wp-json\/wp\/v2\/posts\/74672"}],"collection":[{"href":"https:\/\/www.locoxelrojo.com\/independiente\/wp-json\/wp\/v2\/posts"}],"about":[{"href":"https:\/\/www.locoxelrojo.com\/independiente\/wp-json\/wp\/v2\/types\/post"}],"author":[{"embeddable":true,"href":"https:\/\/www.locoxelrojo.com\/independiente\/wp-json\/wp\/v2\/users\/19"}],"replies":[{"embeddable":true,"href":"https:\/\/www.locoxelrojo.com\/independiente\/wp-json\/wp\/v2\/comments?post=74672"}],"version-history":[{"count":0,"href":"https:\/\/www.locoxelrojo.com\/independiente\/wp-json\/wp\/v2\/posts\/74672\/revisions"}],"wp:featuredmedia":[{"embeddable":true,"href":"https:\/\/www.locoxelrojo.com\/independiente\/wp-json\/wp\/v2\/media\/71262"}],"wp:attachment":[{"href":"https:\/\/www.locoxelrojo.com\/independiente\/wp-json\/wp\/v2\/media?parent=74672"}],"wp:term":[{"taxonomy":"category","embeddable":true,"href":"https:\/\/www.locoxelrojo.com\/independiente\/wp-json\/wp\/v2\/categories?post=74672"},{"taxonomy":"post_tag","embeddable":true,"href":"https:\/\/www.locoxelrojo.com\/independiente\/wp-json\/wp\/v2\/tags?post=74672"}],"curies":[{"name":"wp","href":"https:\/\/api.w.org\/{rel}","templated":true}]}}