{"id":74687,"date":"2017-12-20T19:29:08","date_gmt":"2017-12-20T22:29:08","guid":{"rendered":"http:\/\/www.locoxelrojo.com\/independiente\/?p=74687"},"modified":"2017-12-21T01:05:14","modified_gmt":"2017-12-21T04:05:14","slug":"matias-almeyda-mas-dificil-independiente","status":"publish","type":"post","link":"https:\/\/www.locoxelrojo.com\/independiente\/2017\/12\/20\/matias-almeyda-mas-dificil-independiente\/","title":{"rendered":"Almeyda, el m\u00e1s dif\u00edcil"},"content":{"rendered":"<p>Tras <a href=\"https:\/\/www.locoxelrojo.com\/independiente\/2017\/12\/20\/holan-dio-paso-al-costado\/\">la salida de Ariel Holan<\/a> los dirigentes de Independiente quieren cerrar r\u00e1pido al reemplazante. Por eso,<strong> el primer nombre apuntado fue Mat\u00edas Almeyda y este mismo mi\u00e9rcoles hubo una reuni\u00f3n con su representante.<\/strong><\/p>\n<p>Entre los candidatos a reemplazar a Holan, el de mayor consenso es Almeyda. <strong>Hasta por la cabeza de varios dirigentes pasa la idea de aprovechar la buena relaci\u00f3n que hay entre el Pelado y Alejandro Kohan junto su grupo de colaboradores<\/strong>. Es m\u00e1s, <strong>varios jugadores le han solicitado a los dirigentes que ellos puedan continuar trabajando con el plantel y formen parte del nuevo cuerpo t\u00e9cnico que asuma<\/strong>.<\/p>\n<p>Hay que recordar que Kohan ya trabaj\u00f3 con Almeyda en Banfield y mantiene un grato recuerdo.<strong> &#8220;Con \u00e9l tengo una gran relaci\u00f3n y lo quiero mucho&#8221;<\/strong>, dijo el preparador f\u00edsico <a href=\"https:\/\/www.locoxelrojo.com\/independiente\/2017\/12\/20\/kohan-estoy-dolido-independiente-club-quedarse-toda-la-vida\/\">en un raid medi\u00e1tico que tuvo este mi\u00e9rcoles<\/a>.<\/p>\n<p>Pero la primera reuni\u00f3n con la gente que maneja a Almeyda no fue positiva y su salida del Chivas de M\u00e9xico no es para nada sencilla. <strong>Si bien no lo descartaron, a\u00fan tiene tres a\u00f1os m\u00e1s de contrato y solamente tiene una cl\u00e1usula de salida si lo llaman de la Selecci\u00f3n Argentina o de la Selecci\u00f3n de M\u00e9xico<\/strong>. Ante este panorama, su llegada parece complicada.<\/p>\n<p><strong>&#8220;Ni nos sentar\u00edamos a hablar con Independiente. Almeyda est\u00e1 contento con nosotros y nosotros con \u00e9l. No lo veo y\u00e9ndose ahora a Independiente, porque nosotros tenemos contrato con \u00e9l&#8221;<\/strong>,\u00a0expres\u00f3 Jorge Vergara, due\u00f1o del club mexicano.<\/p>\n","protected":false},"excerpt":{"rendered":"<p>Tras la salida de Ariel Holan los dirigentes de Independiente quieren cerrar r\u00e1pido al reemplazante. Por eso, el primer nombre apuntado fue Mat\u00edas Almeyda y este mismo mi\u00e9rcoles hubo una reuni\u00f3n con su representante. Entre los candidatos a reemplazar a Holan, el de mayor consenso es Almeyda. Hasta por la cabeza de varios dirigentes pasa [&hellip;]<\/p>\n","protected":false},"author":1,"featured_media":74688,"comment_status":"open","ping_status":"closed","sticky":false,"template":"","format":"standard","meta":{"_links_to":"","_links_to_target":""},"categories":[3280,3247],"tags":[153,1843],"_links":{"self":[{"href":"https:\/\/www.locoxelrojo.com\/independiente\/wp-json\/wp\/v2\/posts\/74687"}],"collection":[{"href":"https:\/\/www.locoxelrojo.com\/independiente\/wp-json\/wp\/v2\/posts"}],"about":[{"href":"https:\/\/www.locoxelrojo.com\/independiente\/wp-json\/wp\/v2\/types\/post"}],"author":[{"embeddable":true,"href":"https:\/\/www.locoxelrojo.com\/independiente\/wp-json\/wp\/v2\/users\/1"}],"replies":[{"embeddable":true,"href":"https:\/\/www.locoxelrojo.com\/independiente\/wp-json\/wp\/v2\/comments?post=74687"}],"version-history":[{"count":0,"href":"https:\/\/www.locoxelrojo.com\/independiente\/wp-json\/wp\/v2\/posts\/74687\/revisions"}],"wp:featuredmedia":[{"embeddable":true,"href":"https:\/\/www.locoxelrojo.com\/independiente\/wp-json\/wp\/v2\/media\/74688"}],"wp:attachment":[{"href":"https:\/\/www.locoxelrojo.com\/independiente\/wp-json\/wp\/v2\/media?parent=74687"}],"wp:term":[{"taxonomy":"category","embeddable":true,"href":"https:\/\/www.locoxelrojo.com\/independiente\/wp-json\/wp\/v2\/categories?post=74687"},{"taxonomy":"post_tag","embeddable":true,"href":"https:\/\/www.locoxelrojo.com\/independiente\/wp-json\/wp\/v2\/tags?post=74687"}],"curies":[{"name":"wp","href":"https:\/\/api.w.org\/{rel}","templated":true}]}}